{"id":8224,"date":"2023-01-19T15:43:55","date_gmt":"2023-01-19T14:43:55","guid":{"rendered":"https:\/\/agora.xtec.cat\/ceipvistaalegre\/?p=8224"},"modified":"2023-01-19T15:44:50","modified_gmt":"2023-01-19T14:44:50","slug":"protectora-animals","status":"publish","type":"post","link":"https:\/\/agora.xtec.cat\/ceipvistaalegre\/primaria\/la-classe-dels-pirates\/protectora-animals\/","title":{"rendered":"Protectora d&#8217;animals"},"content":{"rendered":"<p>Hem anat a la protectora d&#8217;animals de Matar\u00f3 i ens han explicat com cuiden els gossos i els gats. S\u00f3n animals on els cuiden molt a la protectora per\u00f2 necessiten el m\u00e9s important: una fam\u00edlia.<\/p>\n<p>Els nens i nenes de tercer hem gaudit molt d&#8217;aquest dia i fer aquesta visita a la protectora.<a href=\"https:\/\/agora.xtec.cat\/ceipvistaalegre\/wp-content\/uploads\/usu1936\/2023\/01\/41c175c8-395e-4ad3-a5c4-4d57a3385ee7.jpg\"><img loading=\"lazy\" decoding=\"async\" class=\"alignnone size-large wp-image-8225\" src=\"https:\/\/agora.xtec.cat\/ceipvistaalegre\/wp-content\/uploads\/usu1936\/2023\/01\/41c175c8-395e-4ad3-a5c4-4d57a3385ee7-1024x576.jpg\" alt=\"protectora d'animals\" width=\"1024\" height=\"576\" srcset=\"https:\/\/agora.xtec.cat\/ceipvistaalegre\/wp-content\/uploads\/usu1936\/2023\/01\/41c175c8-395e-4ad3-a5c4-4d57a3385ee7-1024x576.jpg 1024w, https:\/\/agora.xtec.cat\/ceipvistaalegre\/wp-content\/uploads\/usu1936\/2023\/01\/41c175c8-395e-4ad3-a5c4-4d57a3385ee7-300x169.jpg 300w, https:\/\/agora.xtec.cat\/ceipvistaalegre\/wp-content\/uploads\/usu1936\/2023\/01\/41c175c8-395e-4ad3-a5c4-4d57a3385ee7-768x432.jpg 768w, https:\/\/agora.xtec.cat\/ceipvistaalegre\/wp-content\/uploads\/usu1936\/2023\/01\/41c175c8-395e-4ad3-a5c4-4d57a3385ee7-1536x864.jpg 1536w, https:\/\/agora.xtec.cat\/ceipvistaalegre\/wp-content\/uploads\/usu1936\/2023\/01\/41c175c8-395e-4ad3-a5c4-4d57a3385ee7.jpg 2048w\" sizes=\"auto, (max-width: 1024px) 100vw, 1024px\" \/><\/a><\/p>\n","protected":false},"excerpt":{"rendered":"<p>Hem anat a la protectora d&#8217;animals de Matar\u00f3 i ens han explicat com cuiden els gossos i els gats. S\u00f3n animals on els cuiden molt a la protectora per\u00f2 necessiten el m\u00e9s important: una fam\u00edlia.<br \/>\nEls nens i nenes de tercer hem gaudit molt d&#8217;aquest dia&hellip;  <a href=\"https:\/\/agora.xtec.cat\/ceipvistaalegre\/primaria\/la-classe-dels-pirates\/protectora-animals\/\" title=\"Read Protectora d&#8217;animals\">Llegeix m\u00e9s\u00bb<\/a><\/p>\n","protected":false},"author":27,"featured_media":0,"comment_status":"open","ping_status":"closed","sticky":false,"template":"","format":"standard","meta":{"_bbp_topic_count":0,"_bbp_reply_count":0,"_bbp_total_topic_count":0,"_bbp_total_reply_count":0,"_bbp_voice_count":0,"_bbp_anonymous_reply_count":0,"_bbp_topic_count_hidden":0,"_bbp_reply_count_hidden":0,"_bbp_forum_subforum_count":0,"footnotes":""},"categories":[12],"tags":[],"class_list":["post-8224","post","type-post","status-publish","format-standard","hentry","category-la-classe-dels-pirates"],"post_mailing_queue_ids":[],"_links":{"self":[{"href":"https:\/\/agora.xtec.cat\/ceipvistaalegre\/wp-json\/wp\/v2\/posts\/8224","targetHints":{"allow":["GET"]}}],"collection":[{"href":"https:\/\/agora.xtec.cat\/ceipvistaalegre\/wp-json\/wp\/v2\/posts"}],"about":[{"href":"https:\/\/agora.xtec.cat\/ceipvistaalegre\/wp-json\/wp\/v2\/types\/post"}],"author":[{"embeddable":true,"href":"https:\/\/agora.xtec.cat\/ceipvistaalegre\/wp-json\/wp\/v2\/users\/27"}],"replies":[{"embeddable":true,"href":"https:\/\/agora.xtec.cat\/ceipvistaalegre\/wp-json\/wp\/v2\/comments?post=8224"}],"version-history":[{"count":2,"href":"https:\/\/agora.xtec.cat\/ceipvistaalegre\/wp-json\/wp\/v2\/posts\/8224\/revisions"}],"predecessor-version":[{"id":8227,"href":"https:\/\/agora.xtec.cat\/ceipvistaalegre\/wp-json\/wp\/v2\/posts\/8224\/revisions\/8227"}],"wp:attachment":[{"href":"https:\/\/agora.xtec.cat\/ceipvistaalegre\/wp-json\/wp\/v2\/media?parent=8224"}],"wp:term":[{"taxonomy":"category","embeddable":true,"href":"https:\/\/agora.xtec.cat\/ceipvistaalegre\/wp-json\/wp\/v2\/categories?post=8224"},{"taxonomy":"post_tag","embeddable":true,"href":"https:\/\/agora.xtec.cat\/ceipvistaalegre\/wp-json\/wp\/v2\/tags?post=8224"}],"curies":[{"name":"wp","href":"https:\/\/api.w.org\/{rel}","templated":true}]}}