{"id":8122,"date":"2022-12-17T19:13:48","date_gmt":"2022-12-17T18:13:48","guid":{"rendered":"https:\/\/agora.xtec.cat\/ceipvistaalegre\/?p=8122"},"modified":"2022-12-17T19:14:13","modified_gmt":"2022-12-17T18:14:13","slug":"els-arbres-del-pati","status":"publish","type":"post","link":"https:\/\/agora.xtec.cat\/ceipvistaalegre\/primaria\/2n\/els-arbres-del-pati\/","title":{"rendered":"ELS ARBRES DEL PATI"},"content":{"rendered":"<p>Els arbres del pati s\u00f3n uns \u00e9ssers vius que ens acompanyen cada dia a l&#8217;escola Vista Alegre. Ens donen ombra i aixopluc, oxigen, caliu i joc, a part de fulles, flors i fruits. S\u00f3n tan generosos!! A segon hem descobert tot aix\u00f2 i els hem volgut con\u00e8ixer un per un. Si voleu saber quins s\u00f3n, passeu-vos per la nostra classe que en tenim un bon recull d&#8217;informaci\u00f3.<\/p>\n<p><a href=\"https:\/\/agora.xtec.cat\/ceipvistaalegre\/wp-content\/uploads\/usu1936\/2022\/12\/ELS-ARBRES-DEL-PATI-scaled.jpg\"><img loading=\"lazy\" decoding=\"async\" class=\"alignnone size-large wp-image-8121\" src=\"https:\/\/agora.xtec.cat\/ceipvistaalegre\/wp-content\/uploads\/usu1936\/2022\/12\/ELS-ARBRES-DEL-PATI-1024x576.jpg\" alt=\"\" width=\"1024\" height=\"576\" srcset=\"https:\/\/agora.xtec.cat\/ceipvistaalegre\/wp-content\/uploads\/usu1936\/2022\/12\/ELS-ARBRES-DEL-PATI-1024x576.jpg 1024w, https:\/\/agora.xtec.cat\/ceipvistaalegre\/wp-content\/uploads\/usu1936\/2022\/12\/ELS-ARBRES-DEL-PATI-300x169.jpg 300w, https:\/\/agora.xtec.cat\/ceipvistaalegre\/wp-content\/uploads\/usu1936\/2022\/12\/ELS-ARBRES-DEL-PATI-768x432.jpg 768w, https:\/\/agora.xtec.cat\/ceipvistaalegre\/wp-content\/uploads\/usu1936\/2022\/12\/ELS-ARBRES-DEL-PATI-1536x864.jpg 1536w, https:\/\/agora.xtec.cat\/ceipvistaalegre\/wp-content\/uploads\/usu1936\/2022\/12\/ELS-ARBRES-DEL-PATI-2048x1152.jpg 2048w\" sizes=\"auto, (max-width: 1024px) 100vw, 1024px\" \/><\/a><\/p>\n","protected":false},"excerpt":{"rendered":"<p>Els arbres del pati s\u00f3n uns \u00e9ssers vius que ens acompanyen cada dia a l&#8217;escola Vista Alegre. Ens donen ombra i aixopluc, oxigen, caliu i joc, a part de fulles, flors i fruits. S\u00f3n tan generosos!! A segon hem descobert tot aix\u00f2 i els hem&hellip;  <a href=\"https:\/\/agora.xtec.cat\/ceipvistaalegre\/primaria\/2n\/els-arbres-del-pati\/\" title=\"Read ELS ARBRES DEL PATI\">Llegeix m\u00e9s\u00bb<\/a><\/p>\n","protected":false},"author":9,"featured_media":0,"comment_status":"open","ping_status":"closed","sticky":false,"template":"","format":"standard","meta":{"_bbp_topic_count":0,"_bbp_reply_count":0,"_bbp_total_topic_count":0,"_bbp_total_reply_count":0,"_bbp_voice_count":0,"_bbp_anonymous_reply_count":0,"_bbp_topic_count_hidden":0,"_bbp_reply_count_hidden":0,"_bbp_forum_subforum_count":0,"footnotes":""},"categories":[11],"tags":[],"class_list":["post-8122","post","type-post","status-publish","format-standard","hentry","category-2n"],"post_mailing_queue_ids":[],"_links":{"self":[{"href":"https:\/\/agora.xtec.cat\/ceipvistaalegre\/wp-json\/wp\/v2\/posts\/8122","targetHints":{"allow":["GET"]}}],"collection":[{"href":"https:\/\/agora.xtec.cat\/ceipvistaalegre\/wp-json\/wp\/v2\/posts"}],"about":[{"href":"https:\/\/agora.xtec.cat\/ceipvistaalegre\/wp-json\/wp\/v2\/types\/post"}],"author":[{"embeddable":true,"href":"https:\/\/agora.xtec.cat\/ceipvistaalegre\/wp-json\/wp\/v2\/users\/9"}],"replies":[{"embeddable":true,"href":"https:\/\/agora.xtec.cat\/ceipvistaalegre\/wp-json\/wp\/v2\/comments?post=8122"}],"version-history":[{"count":1,"href":"https:\/\/agora.xtec.cat\/ceipvistaalegre\/wp-json\/wp\/v2\/posts\/8122\/revisions"}],"predecessor-version":[{"id":8123,"href":"https:\/\/agora.xtec.cat\/ceipvistaalegre\/wp-json\/wp\/v2\/posts\/8122\/revisions\/8123"}],"wp:attachment":[{"href":"https:\/\/agora.xtec.cat\/ceipvistaalegre\/wp-json\/wp\/v2\/media?parent=8122"}],"wp:term":[{"taxonomy":"category","embeddable":true,"href":"https:\/\/agora.xtec.cat\/ceipvistaalegre\/wp-json\/wp\/v2\/categories?post=8122"},{"taxonomy":"post_tag","embeddable":true,"href":"https:\/\/agora.xtec.cat\/ceipvistaalegre\/wp-json\/wp\/v2\/tags?post=8122"}],"curies":[{"name":"wp","href":"https:\/\/api.w.org\/{rel}","templated":true}]}}