{"id":8117,"date":"2022-12-16T13:43:12","date_gmt":"2022-12-16T12:43:12","guid":{"rendered":"https:\/\/agora.xtec.cat\/ceipvistaalegre\/?p=8117"},"modified":"2022-12-16T13:43:47","modified_gmt":"2022-12-16T12:43:47","slug":"habits-saludables-per-cuidar-el-cor","status":"publish","type":"post","link":"https:\/\/agora.xtec.cat\/ceipvistaalegre\/portada\/habits-saludables-per-cuidar-el-cor\/","title":{"rendered":"H\u00e0bits saludables per cuidar el cor!"},"content":{"rendered":"<p>Ja tenim el v\u00eddeo <strong>H\u00e0bits saludables per cuidar el cor!<\/strong> elaborat a partir de la selecci\u00f3 de fotografies dels nens i nenes de 5 anys de les escoles de Matar\u00f3 que formen part del Programa SI! \u00c9s un v\u00eddeo elaborat pel servei de comunicaci\u00f3 de l&#8217;Ajuntament.<\/p>\n<p>Si el voleu veure, podeu clicar l&#8217;enlla\u00e7: <a href=\"https:\/\/drive.google.com\/file\/d\/1tOlRJPTTjIs31mSBN0aZW9ntaKST__Oe\/view?usp=sharing\">H\u00c0BITS SALUDABLES PER CUIDAR EL COR!<\/a><\/p>\n<p><a href=\"https:\/\/agora.xtec.cat\/ceipvistaalegre\/wp-content\/uploads\/usu1936\/2022\/12\/CARDIOsport.jpg\"><img loading=\"lazy\" decoding=\"async\" class=\"size-full wp-image-8118 aligncenter\" src=\"https:\/\/agora.xtec.cat\/ceipvistaalegre\/wp-content\/uploads\/usu1936\/2022\/12\/CARDIOsport.jpg\" alt=\"\" width=\"276\" height=\"243\" \/><\/a><\/p>\n","protected":false},"excerpt":{"rendered":"<p>Ja tenim el v\u00eddeo H\u00e0bits saludables per cuidar el cor! elaborat a partir de la selecci\u00f3 de fotografies dels nens i nenes de 5 anys de les escoles de Matar\u00f3 que formen part del Programa SI! \u00c9s un v\u00eddeo elaborat pel servei de comunicaci\u00f3 de&hellip;  <a href=\"https:\/\/agora.xtec.cat\/ceipvistaalegre\/portada\/habits-saludables-per-cuidar-el-cor\/\" title=\"Read H\u00e0bits saludables per cuidar el cor!\">Llegeix m\u00e9s\u00bb<\/a><\/p>\n","protected":false},"author":3,"featured_media":0,"comment_status":"open","ping_status":"closed","sticky":false,"template":"","format":"standard","meta":{"_bbp_topic_count":0,"_bbp_reply_count":0,"_bbp_total_topic_count":0,"_bbp_total_reply_count":0,"_bbp_voice_count":0,"_bbp_anonymous_reply_count":0,"_bbp_topic_count_hidden":0,"_bbp_reply_count_hidden":0,"_bbp_forum_subforum_count":0,"footnotes":""},"categories":[225,4],"tags":[],"class_list":["post-8117","post","type-post","status-publish","format-standard","hentry","category-infantil-5-anys","category-portada"],"post_mailing_queue_ids":[],"_links":{"self":[{"href":"https:\/\/agora.xtec.cat\/ceipvistaalegre\/wp-json\/wp\/v2\/posts\/8117","targetHints":{"allow":["GET"]}}],"collection":[{"href":"https:\/\/agora.xtec.cat\/ceipvistaalegre\/wp-json\/wp\/v2\/posts"}],"about":[{"href":"https:\/\/agora.xtec.cat\/ceipvistaalegre\/wp-json\/wp\/v2\/types\/post"}],"author":[{"embeddable":true,"href":"https:\/\/agora.xtec.cat\/ceipvistaalegre\/wp-json\/wp\/v2\/users\/3"}],"replies":[{"embeddable":true,"href":"https:\/\/agora.xtec.cat\/ceipvistaalegre\/wp-json\/wp\/v2\/comments?post=8117"}],"version-history":[{"count":2,"href":"https:\/\/agora.xtec.cat\/ceipvistaalegre\/wp-json\/wp\/v2\/posts\/8117\/revisions"}],"predecessor-version":[{"id":8120,"href":"https:\/\/agora.xtec.cat\/ceipvistaalegre\/wp-json\/wp\/v2\/posts\/8117\/revisions\/8120"}],"wp:attachment":[{"href":"https:\/\/agora.xtec.cat\/ceipvistaalegre\/wp-json\/wp\/v2\/media?parent=8117"}],"wp:term":[{"taxonomy":"category","embeddable":true,"href":"https:\/\/agora.xtec.cat\/ceipvistaalegre\/wp-json\/wp\/v2\/categories?post=8117"},{"taxonomy":"post_tag","embeddable":true,"href":"https:\/\/agora.xtec.cat\/ceipvistaalegre\/wp-json\/wp\/v2\/tags?post=8117"}],"curies":[{"name":"wp","href":"https:\/\/api.w.org\/{rel}","templated":true}]}}