{"id":8107,"date":"2022-12-14T17:38:09","date_gmt":"2022-12-14T16:38:09","guid":{"rendered":"https:\/\/agora.xtec.cat\/ceipvistaalegre\/?p=8107"},"modified":"2022-12-14T17:38:09","modified_gmt":"2022-12-14T16:38:09","slug":"cueme-cultura-emprenadora-a-lescola","status":"publish","type":"post","link":"https:\/\/agora.xtec.cat\/ceipvistaalegre\/primaria\/5e\/cueme-cultura-emprenadora-a-lescola\/","title":{"rendered":"CUEME: Cultura Emprenadora a l&#8217;Escola"},"content":{"rendered":"<p>Per primera vegada els nens i nenes de 5\u00e8 de l&#8217;escola Vista Alegre participaran al CUEME. Per\u00f2&#8230; qu\u00e8 \u00e9s el CUEME?<\/p>\n<p>El CUEME \u00e9s un projecte que s&#8217;acostuma a fer a 5\u00e8 o 6\u00e8 de moltes escoles de Barcelona. Els infants fan com una empresa, per\u00f2 ning\u00fa mana, \u00e9s a dir, el que es fa \u00e9s una cooperativa.<\/p>\n<p>S&#8217;ha de triar un nom, un logo i el que es vendr\u00e0. Cada nen\/a aportar\u00e0 una quantitat de diners, en aquest cas hem triat 3,50\u20ac.<\/p>\n<p>Al 3r trimestre anirem a una fira a vendre els productes que haurem fet pr\u00e8viament a m\u00e0. Una part dels diners que guanyem aniran destinats una ONG. Ara b\u00e9, els diners aportats inicialment, els invertirem en fer una activitat conjunta tots els socis de la cooperativa.<\/p>\n<p>Tota aquesta informaci\u00f3 ens l&#8217;ha anat explicant l&#8217;\u00c0frica, la M\u00f2nica i la Mar Cano, representant de l&#8217;ajuntament de Matar\u00f3 que va venir el passat m\u00e9s de novembre.<\/p>\n<p>Us anirem explicant tots els avan\u00e7os!<\/p>\n<p><em><strong>Paula Pu\u00e9rtolas, secret\u00e0ria del CUEME.<\/strong><\/em><\/p>\n<p>&nbsp;<\/p>\n<p><a href=\"https:\/\/agora.xtec.cat\/ceipvistaalegre\/wp-content\/uploads\/usu1936\/2022\/12\/descarga.jpg\"><img loading=\"lazy\" decoding=\"async\" class=\"alignnone size-full wp-image-8110\" src=\"https:\/\/agora.xtec.cat\/ceipvistaalegre\/wp-content\/uploads\/usu1936\/2022\/12\/descarga.jpg\" alt=\"\" width=\"275\" height=\"183\" \/><\/a><\/p>\n","protected":false},"excerpt":{"rendered":"<p>Per primera vegada els nens i nenes de 5\u00e8 de l&#8217;escola Vista Alegre participaran al CUEME. Per\u00f2&#8230; qu\u00e8 \u00e9s el CUEME?<br \/>\nEl CUEME \u00e9s un projecte que s&#8217;acostuma a fer a 5\u00e8 o 6\u00e8 de moltes escoles de Barcelona. Els infants fan com una empresa, per\u00f2&hellip;  <a href=\"https:\/\/agora.xtec.cat\/ceipvistaalegre\/primaria\/5e\/cueme-cultura-emprenadora-a-lescola\/\" title=\"Read CUEME: Cultura Emprenadora a l&#8217;Escola\">Llegeix m\u00e9s\u00bb<\/a><\/p>\n","protected":false},"author":31,"featured_media":0,"comment_status":"open","ping_status":"closed","sticky":false,"template":"","format":"standard","meta":{"_bbp_topic_count":0,"_bbp_reply_count":0,"_bbp_total_topic_count":0,"_bbp_total_reply_count":0,"_bbp_voice_count":0,"_bbp_anonymous_reply_count":0,"_bbp_topic_count_hidden":0,"_bbp_reply_count_hidden":0,"_bbp_forum_subforum_count":0,"footnotes":""},"categories":[14],"tags":[],"class_list":["post-8107","post","type-post","status-publish","format-standard","hentry","category-5e"],"post_mailing_queue_ids":[],"_links":{"self":[{"href":"https:\/\/agora.xtec.cat\/ceipvistaalegre\/wp-json\/wp\/v2\/posts\/8107","targetHints":{"allow":["GET"]}}],"collection":[{"href":"https:\/\/agora.xtec.cat\/ceipvistaalegre\/wp-json\/wp\/v2\/posts"}],"about":[{"href":"https:\/\/agora.xtec.cat\/ceipvistaalegre\/wp-json\/wp\/v2\/types\/post"}],"author":[{"embeddable":true,"href":"https:\/\/agora.xtec.cat\/ceipvistaalegre\/wp-json\/wp\/v2\/users\/31"}],"replies":[{"embeddable":true,"href":"https:\/\/agora.xtec.cat\/ceipvistaalegre\/wp-json\/wp\/v2\/comments?post=8107"}],"version-history":[{"count":2,"href":"https:\/\/agora.xtec.cat\/ceipvistaalegre\/wp-json\/wp\/v2\/posts\/8107\/revisions"}],"predecessor-version":[{"id":8111,"href":"https:\/\/agora.xtec.cat\/ceipvistaalegre\/wp-json\/wp\/v2\/posts\/8107\/revisions\/8111"}],"wp:attachment":[{"href":"https:\/\/agora.xtec.cat\/ceipvistaalegre\/wp-json\/wp\/v2\/media?parent=8107"}],"wp:term":[{"taxonomy":"category","embeddable":true,"href":"https:\/\/agora.xtec.cat\/ceipvistaalegre\/wp-json\/wp\/v2\/categories?post=8107"},{"taxonomy":"post_tag","embeddable":true,"href":"https:\/\/agora.xtec.cat\/ceipvistaalegre\/wp-json\/wp\/v2\/tags?post=8107"}],"curies":[{"name":"wp","href":"https:\/\/api.w.org\/{rel}","templated":true}]}}