{"id":8057,"date":"2022-12-02T21:31:22","date_gmt":"2022-12-02T20:31:22","guid":{"rendered":"https:\/\/agora.xtec.cat\/ceipvistaalegre\/?p=8057"},"modified":"2022-12-02T21:31:22","modified_gmt":"2022-12-02T20:31:22","slug":"tallers-i4-i5","status":"publish","type":"post","link":"https:\/\/agora.xtec.cat\/ceipvistaalegre\/infantil\/infantil-4-anys\/tallers-i4-i5\/","title":{"rendered":"TALLERS I4-I5"},"content":{"rendered":"<p style=\"text-align: left\">Al llarg d&#8217;aquest trimestre, el infants de I4 i I5 han fet tallers, cada divendres a la tarda . \u00c9s tracta de quatre propostes ben diferents on els nens i nenes interaccionen i aprenen junts, mitjan\u00e7ant una organitzaci\u00f3 diferent de l&#8217;espai i els materials de l&#8217;escola. Aquests tallers fomenten situacions d\u2019aprenentatge on participen d\u2019una manera activa i creativa.<\/p>\n<p><a href=\"https:\/\/agora.xtec.cat\/ceipvistaalegre\/wp-content\/uploads\/usu1936\/2022\/12\/TALLERS-A-I4-I5-1.png\"><img loading=\"lazy\" decoding=\"async\" class=\"alignnone size-large wp-image-8058\" src=\"https:\/\/agora.xtec.cat\/ceipvistaalegre\/wp-content\/uploads\/usu1936\/2022\/12\/TALLERS-A-I4-I5-1-1024x576.png\" alt=\"\" width=\"1024\" height=\"576\" srcset=\"https:\/\/agora.xtec.cat\/ceipvistaalegre\/wp-content\/uploads\/usu1936\/2022\/12\/TALLERS-A-I4-I5-1-1024x576.png 1024w, https:\/\/agora.xtec.cat\/ceipvistaalegre\/wp-content\/uploads\/usu1936\/2022\/12\/TALLERS-A-I4-I5-1-300x169.png 300w, https:\/\/agora.xtec.cat\/ceipvistaalegre\/wp-content\/uploads\/usu1936\/2022\/12\/TALLERS-A-I4-I5-1-768x432.png 768w, https:\/\/agora.xtec.cat\/ceipvistaalegre\/wp-content\/uploads\/usu1936\/2022\/12\/TALLERS-A-I4-I5-1-1536x864.png 1536w, https:\/\/agora.xtec.cat\/ceipvistaalegre\/wp-content\/uploads\/usu1936\/2022\/12\/TALLERS-A-I4-I5-1.png 1920w\" sizes=\"auto, (max-width: 1024px) 100vw, 1024px\" \/><\/a><\/p>\n","protected":false},"excerpt":{"rendered":"<p>Al llarg d&#8217;aquest trimestre, el infants de I4 i I5 han fet tallers, cada divendres a la tarda . \u00c9s tracta de quatre propostes ben diferents on els nens i nenes interaccionen i aprenen junts, mitjan\u00e7ant una organitzaci\u00f3 diferent de l&#8217;espai i els materials de&hellip;  <a href=\"https:\/\/agora.xtec.cat\/ceipvistaalegre\/infantil\/infantil-4-anys\/tallers-i4-i5\/\" title=\"Read TALLERS I4-I5\">Llegeix m\u00e9s\u00bb<\/a><\/p>\n","protected":false},"author":25,"featured_media":0,"comment_status":"open","ping_status":"closed","sticky":false,"template":"","format":"standard","meta":{"_bbp_topic_count":0,"_bbp_reply_count":0,"_bbp_total_topic_count":0,"_bbp_total_reply_count":0,"_bbp_voice_count":0,"_bbp_anonymous_reply_count":0,"_bbp_topic_count_hidden":0,"_bbp_reply_count_hidden":0,"_bbp_forum_subforum_count":0,"footnotes":""},"categories":[8,225],"tags":[],"class_list":["post-8057","post","type-post","status-publish","format-standard","hentry","category-infantil-4-anys","category-infantil-5-anys"],"post_mailing_queue_ids":[],"_links":{"self":[{"href":"https:\/\/agora.xtec.cat\/ceipvistaalegre\/wp-json\/wp\/v2\/posts\/8057","targetHints":{"allow":["GET"]}}],"collection":[{"href":"https:\/\/agora.xtec.cat\/ceipvistaalegre\/wp-json\/wp\/v2\/posts"}],"about":[{"href":"https:\/\/agora.xtec.cat\/ceipvistaalegre\/wp-json\/wp\/v2\/types\/post"}],"author":[{"embeddable":true,"href":"https:\/\/agora.xtec.cat\/ceipvistaalegre\/wp-json\/wp\/v2\/users\/25"}],"replies":[{"embeddable":true,"href":"https:\/\/agora.xtec.cat\/ceipvistaalegre\/wp-json\/wp\/v2\/comments?post=8057"}],"version-history":[{"count":1,"href":"https:\/\/agora.xtec.cat\/ceipvistaalegre\/wp-json\/wp\/v2\/posts\/8057\/revisions"}],"predecessor-version":[{"id":8059,"href":"https:\/\/agora.xtec.cat\/ceipvistaalegre\/wp-json\/wp\/v2\/posts\/8057\/revisions\/8059"}],"wp:attachment":[{"href":"https:\/\/agora.xtec.cat\/ceipvistaalegre\/wp-json\/wp\/v2\/media?parent=8057"}],"wp:term":[{"taxonomy":"category","embeddable":true,"href":"https:\/\/agora.xtec.cat\/ceipvistaalegre\/wp-json\/wp\/v2\/categories?post=8057"},{"taxonomy":"post_tag","embeddable":true,"href":"https:\/\/agora.xtec.cat\/ceipvistaalegre\/wp-json\/wp\/v2\/tags?post=8057"}],"curies":[{"name":"wp","href":"https:\/\/api.w.org\/{rel}","templated":true}]}}