{"id":8038,"date":"2022-11-25T11:38:19","date_gmt":"2022-11-25T10:38:19","guid":{"rendered":"https:\/\/agora.xtec.cat\/ceipvistaalegre\/?p=8038"},"modified":"2022-11-25T11:41:17","modified_gmt":"2022-11-25T10:41:17","slug":"dia-de-la-musica-a-lescola","status":"publish","type":"post","link":"https:\/\/agora.xtec.cat\/ceipvistaalegre\/portada\/dia-de-la-musica-a-lescola\/","title":{"rendered":"Dia de la m\u00fasica a l&#8217;escola"},"content":{"rendered":"<p>Amb motiu de la celebraci\u00f3 del DIA DE LA M\u00daSICA el passat dia 22 de novembre, ahir vam fer diverses activitats musicals.<\/p>\n<p>Al mat\u00ed, vam tenir la visita del David Patricio i la Mireia Federico, de <a href=\"https:\/\/estudiescolademusica.com\/\">ESTUDI ROCK SCHOOL MARESME. <\/a>En David va fer un concert de guitarra el\u00e8ctrica a l&#8217;alumnat de prim\u00e0ria, i la Mireia va fer uns tallers de sensibilitzaci\u00f3 musical amb els m\u00e9s petits i petites. Des d&#8217;aquestes l\u00ednies, agra\u00efm la seva col\u00b7laboraci\u00f3 i participaci\u00f3 en aquesta jornada<a href=\"https:\/\/agora.xtec.cat\/ceipvistaalegre\/wp-content\/uploads\/usu1936\/2022\/11\/web1.jpg\"><img loading=\"lazy\" decoding=\"async\" class=\"wp-image-8039 aligncenter\" src=\"https:\/\/agora.xtec.cat\/ceipvistaalegre\/wp-content\/uploads\/usu1936\/2022\/11\/web1-1024x768.jpg\" alt=\"\" width=\"273\" height=\"205\" srcset=\"https:\/\/agora.xtec.cat\/ceipvistaalegre\/wp-content\/uploads\/usu1936\/2022\/11\/web1-1024x768.jpg 1024w, https:\/\/agora.xtec.cat\/ceipvistaalegre\/wp-content\/uploads\/usu1936\/2022\/11\/web1-300x225.jpg 300w, https:\/\/agora.xtec.cat\/ceipvistaalegre\/wp-content\/uploads\/usu1936\/2022\/11\/web1-768x576.jpg 768w, https:\/\/agora.xtec.cat\/ceipvistaalegre\/wp-content\/uploads\/usu1936\/2022\/11\/web1-1536x1152.jpg 1536w, https:\/\/agora.xtec.cat\/ceipvistaalegre\/wp-content\/uploads\/usu1936\/2022\/11\/web1-200x150.jpg 200w, https:\/\/agora.xtec.cat\/ceipvistaalegre\/wp-content\/uploads\/usu1936\/2022\/11\/web1.jpg 2000w\" sizes=\"auto, (max-width: 273px) 100vw, 273px\" \/><\/a><\/p>\n<p><a href=\"https:\/\/agora.xtec.cat\/ceipvistaalegre\/wp-content\/uploads\/usu1936\/2022\/11\/web2.jpg\"><img loading=\"lazy\" decoding=\"async\" class=\"wp-image-8040 aligncenter\" src=\"https:\/\/agora.xtec.cat\/ceipvistaalegre\/wp-content\/uploads\/usu1936\/2022\/11\/web2-1024x768.jpg\" alt=\"\" width=\"275\" height=\"206\" srcset=\"https:\/\/agora.xtec.cat\/ceipvistaalegre\/wp-content\/uploads\/usu1936\/2022\/11\/web2-1024x768.jpg 1024w, https:\/\/agora.xtec.cat\/ceipvistaalegre\/wp-content\/uploads\/usu1936\/2022\/11\/web2-300x225.jpg 300w, https:\/\/agora.xtec.cat\/ceipvistaalegre\/wp-content\/uploads\/usu1936\/2022\/11\/web2-768x576.jpg 768w, https:\/\/agora.xtec.cat\/ceipvistaalegre\/wp-content\/uploads\/usu1936\/2022\/11\/web2-1536x1152.jpg 1536w, https:\/\/agora.xtec.cat\/ceipvistaalegre\/wp-content\/uploads\/usu1936\/2022\/11\/web2-200x150.jpg 200w, https:\/\/agora.xtec.cat\/ceipvistaalegre\/wp-content\/uploads\/usu1936\/2022\/11\/web2.jpg 1600w\" sizes=\"auto, (max-width: 275px) 100vw, 275px\" \/><\/a><\/p>\n<p>A la tarda, vam continuar amb m\u00e9s m\u00fasica! Aquesta vegada de les mans de nens i nenes de 3r a 6\u00e8, que saben tocar algun instrument. Tenim molts artistes a l&#8217;escola que van ensenyar a la resta de companys i companyes que amb dedicaci\u00f3 i const\u00e0ncia, tothom pot aprendre a tocar un instrument! Enhorabona!<\/p>\n<p><a href=\"https:\/\/agora.xtec.cat\/ceipvistaalegre\/wp-content\/uploads\/usu1936\/2022\/11\/web3.jpg\"><img loading=\"lazy\" decoding=\"async\" class=\"wp-image-8041 aligncenter\" src=\"https:\/\/agora.xtec.cat\/ceipvistaalegre\/wp-content\/uploads\/usu1936\/2022\/11\/web3-1024x768.jpg\" alt=\"\" width=\"426\" height=\"319\" srcset=\"https:\/\/agora.xtec.cat\/ceipvistaalegre\/wp-content\/uploads\/usu1936\/2022\/11\/web3-1024x768.jpg 1024w, https:\/\/agora.xtec.cat\/ceipvistaalegre\/wp-content\/uploads\/usu1936\/2022\/11\/web3-300x225.jpg 300w, https:\/\/agora.xtec.cat\/ceipvistaalegre\/wp-content\/uploads\/usu1936\/2022\/11\/web3-768x576.jpg 768w, https:\/\/agora.xtec.cat\/ceipvistaalegre\/wp-content\/uploads\/usu1936\/2022\/11\/web3-1536x1152.jpg 1536w, https:\/\/agora.xtec.cat\/ceipvistaalegre\/wp-content\/uploads\/usu1936\/2022\/11\/web3-200x150.jpg 200w, https:\/\/agora.xtec.cat\/ceipvistaalegre\/wp-content\/uploads\/usu1936\/2022\/11\/web3.jpg 2048w\" sizes=\"auto, (max-width: 426px) 100vw, 426px\" \/><\/a><\/p>\n<p style=\"text-align: center;\">I si voleu veure totes les fotos de la jornada, podeu clicar l&#8217;enlla\u00e7: <a href=\"https:\/\/drive.google.com\/drive\/folders\/1gBpVTJSqD3c9pc1kYCf8-UPJ7APDnwEF?usp=sharing\">DIA DE LA M\u00daSICA 2022<\/a><\/p>\n","protected":false},"excerpt":{"rendered":"<p>Amb motiu de la celebraci\u00f3 del DIA DE LA M\u00daSICA el passat dia 22 de novembre, ahir vam fer diverses activitats musicals.<br \/>\nAl mat\u00ed, vam tenir la visita del David Patricio i la Mireia Federico, de <a href=\"https:\/\/estudiescolademusica.com\/\">ESTUDI ROCK SCHOOL MARESME. <\/a>En David va fer un&hellip;  <a href=\"https:\/\/agora.xtec.cat\/ceipvistaalegre\/portada\/dia-de-la-musica-a-lescola\/\" title=\"Read Dia de la m\u00fasica a l&#8217;escola\">Llegeix m\u00e9s\u00bb<\/a><\/p>\n","protected":false},"author":3,"featured_media":0,"comment_status":"open","ping_status":"closed","sticky":false,"template":"","format":"standard","meta":{"_bbp_topic_count":0,"_bbp_reply_count":0,"_bbp_total_topic_count":0,"_bbp_total_reply_count":0,"_bbp_voice_count":0,"_bbp_anonymous_reply_count":0,"_bbp_topic_count_hidden":0,"_bbp_reply_count_hidden":0,"_bbp_forum_subforum_count":0,"footnotes":""},"categories":[4],"tags":[],"class_list":["post-8038","post","type-post","status-publish","format-standard","hentry","category-portada"],"post_mailing_queue_ids":[],"_links":{"self":[{"href":"https:\/\/agora.xtec.cat\/ceipvistaalegre\/wp-json\/wp\/v2\/posts\/8038","targetHints":{"allow":["GET"]}}],"collection":[{"href":"https:\/\/agora.xtec.cat\/ceipvistaalegre\/wp-json\/wp\/v2\/posts"}],"about":[{"href":"https:\/\/agora.xtec.cat\/ceipvistaalegre\/wp-json\/wp\/v2\/types\/post"}],"author":[{"embeddable":true,"href":"https:\/\/agora.xtec.cat\/ceipvistaalegre\/wp-json\/wp\/v2\/users\/3"}],"replies":[{"embeddable":true,"href":"https:\/\/agora.xtec.cat\/ceipvistaalegre\/wp-json\/wp\/v2\/comments?post=8038"}],"version-history":[{"count":2,"href":"https:\/\/agora.xtec.cat\/ceipvistaalegre\/wp-json\/wp\/v2\/posts\/8038\/revisions"}],"predecessor-version":[{"id":8043,"href":"https:\/\/agora.xtec.cat\/ceipvistaalegre\/wp-json\/wp\/v2\/posts\/8038\/revisions\/8043"}],"wp:attachment":[{"href":"https:\/\/agora.xtec.cat\/ceipvistaalegre\/wp-json\/wp\/v2\/media?parent=8038"}],"wp:term":[{"taxonomy":"category","embeddable":true,"href":"https:\/\/agora.xtec.cat\/ceipvistaalegre\/wp-json\/wp\/v2\/categories?post=8038"},{"taxonomy":"post_tag","embeddable":true,"href":"https:\/\/agora.xtec.cat\/ceipvistaalegre\/wp-json\/wp\/v2\/tags?post=8038"}],"curies":[{"name":"wp","href":"https:\/\/api.w.org\/{rel}","templated":true}]}}