{"id":8003,"date":"2022-11-18T12:59:34","date_gmt":"2022-11-18T11:59:34","guid":{"rendered":"https:\/\/agora.xtec.cat\/ceipvistaalegre\/?p=8003"},"modified":"2022-11-18T12:59:34","modified_gmt":"2022-11-18T11:59:34","slug":"premis-del-pla-catala-de-lesport-a-lescola","status":"publish","type":"post","link":"https:\/\/agora.xtec.cat\/ceipvistaalegre\/portada\/premis-del-pla-catala-de-lesport-a-lescola\/","title":{"rendered":"Premis del Pla Catal\u00e0 de l&#8217;Esport a l&#8217;Escola"},"content":{"rendered":"<p>El passat dijous 17 de novembre, va tenir lloc la <strong>3a edici\u00f3 dels Premis del Pla Catal\u00e0 d\u2019Esport a l\u2019Escola<\/strong>, en reconeixement a aquelles<br \/>\nentitats i persones que, tant a trav\u00e9s de la seva acci\u00f3 directa com tamb\u00e9 gr\u00e0cies a la seva influ\u00e8ncia o suport, treballen per transformar positivament la realitat social dels infants i adolescents catalans, mitjan\u00e7ant l\u2019esport i\/o l\u2019activitat f\u00edsica en l\u2019entorn escolar.<\/p>\n<p>Aquest \u00e9s l&#8217;enlla\u00e7 per poder veure l&#8217;acte: <a href=\"https:\/\/www.youtube.com\/watch?v=mDINP0i8oJ8\">https:\/\/www.youtube.com\/watch?v=mDINP0i8oJ8<\/a><\/p>\n<p><a href=\"https:\/\/agora.xtec.cat\/ceipvistaalegre\/wp-content\/uploads\/usu1936\/2022\/11\/premis-esport.jpg\"><img loading=\"lazy\" decoding=\"async\" class=\"wp-image-8004 aligncenter\" src=\"https:\/\/agora.xtec.cat\/ceipvistaalegre\/wp-content\/uploads\/usu1936\/2022\/11\/premis-esport.jpg\" alt=\"\" width=\"295\" height=\"165\" srcset=\"https:\/\/agora.xtec.cat\/ceipvistaalegre\/wp-content\/uploads\/usu1936\/2022\/11\/premis-esport.jpg 581w, https:\/\/agora.xtec.cat\/ceipvistaalegre\/wp-content\/uploads\/usu1936\/2022\/11\/premis-esport-300x168.jpg 300w\" sizes=\"auto, (max-width: 295px) 100vw, 295px\" \/><\/a><\/p>\n<p>Un dels guanyadors ha estat l&#8217;\u00d3scar Reigosa, mestre d&#8217;educaci\u00f3 f\u00edsica del nostre centre, en la categoria de <strong>COORDINADOR DE PRIM\u00c0RIA<\/strong> del Pla de l&#8217;Esport a l&#8217;Escola. Despr\u00e9s d&#8217;una llarga traject\u00f2ria al grup de treball, aquest \u00e9s un reconeixement a la seva tasca i comprom\u00eds amb la promoci\u00f3 de l&#8217;esport i l&#8217;activitat f\u00edsica als infants durant el curs 21\/22.<\/p>\n<p><a href=\"https:\/\/agora.xtec.cat\/ceipvistaalegre\/wp-content\/uploads\/usu1936\/2022\/11\/Oscar.jpg\"><img loading=\"lazy\" decoding=\"async\" class=\" wp-image-8005 aligncenter\" src=\"https:\/\/agora.xtec.cat\/ceipvistaalegre\/wp-content\/uploads\/usu1936\/2022\/11\/Oscar-843x1024.jpg\" alt=\"\" width=\"342\" height=\"415\" srcset=\"https:\/\/agora.xtec.cat\/ceipvistaalegre\/wp-content\/uploads\/usu1936\/2022\/11\/Oscar-843x1024.jpg 843w, https:\/\/agora.xtec.cat\/ceipvistaalegre\/wp-content\/uploads\/usu1936\/2022\/11\/Oscar-247x300.jpg 247w, https:\/\/agora.xtec.cat\/ceipvistaalegre\/wp-content\/uploads\/usu1936\/2022\/11\/Oscar-768x933.jpg 768w, https:\/\/agora.xtec.cat\/ceipvistaalegre\/wp-content\/uploads\/usu1936\/2022\/11\/Oscar-1265x1536.jpg 1265w, https:\/\/agora.xtec.cat\/ceipvistaalegre\/wp-content\/uploads\/usu1936\/2022\/11\/Oscar.jpg 1500w\" sizes=\"auto, (max-width: 342px) 100vw, 342px\" \/><\/a><\/p>\n<h4 style=\"text-align: center;\">ENHORABONA \u00d3SCAR!<\/h4>\n","protected":false},"excerpt":{"rendered":"<p>El passat dijous 17 de novembre, va tenir lloc la 3a edici\u00f3 dels Premis del Pla Catal\u00e0 d\u2019Esport a l\u2019Escola, en reconeixement a aquelles<br \/>\nentitats i persones que, tant a trav\u00e9s de la seva acci\u00f3 directa com tamb\u00e9 gr\u00e0cies a la seva influ\u00e8ncia o suport, treballen&hellip;  <a href=\"https:\/\/agora.xtec.cat\/ceipvistaalegre\/portada\/premis-del-pla-catala-de-lesport-a-lescola\/\" title=\"Read Premis del Pla Catal\u00e0 de l&#8217;Esport a l&#8217;Escola\">Llegeix m\u00e9s\u00bb<\/a><\/p>\n","protected":false},"author":3,"featured_media":8006,"comment_status":"open","ping_status":"closed","sticky":false,"template":"","format":"standard","meta":{"_bbp_topic_count":0,"_bbp_reply_count":0,"_bbp_total_topic_count":0,"_bbp_total_reply_count":0,"_bbp_voice_count":0,"_bbp_anonymous_reply_count":0,"_bbp_topic_count_hidden":0,"_bbp_reply_count_hidden":0,"_bbp_forum_subforum_count":0,"footnotes":""},"categories":[4],"tags":[],"class_list":["post-8003","post","type-post","status-publish","format-standard","has-post-thumbnail","hentry","category-portada"],"post_mailing_queue_ids":[],"_links":{"self":[{"href":"https:\/\/agora.xtec.cat\/ceipvistaalegre\/wp-json\/wp\/v2\/posts\/8003","targetHints":{"allow":["GET"]}}],"collection":[{"href":"https:\/\/agora.xtec.cat\/ceipvistaalegre\/wp-json\/wp\/v2\/posts"}],"about":[{"href":"https:\/\/agora.xtec.cat\/ceipvistaalegre\/wp-json\/wp\/v2\/types\/post"}],"author":[{"embeddable":true,"href":"https:\/\/agora.xtec.cat\/ceipvistaalegre\/wp-json\/wp\/v2\/users\/3"}],"replies":[{"embeddable":true,"href":"https:\/\/agora.xtec.cat\/ceipvistaalegre\/wp-json\/wp\/v2\/comments?post=8003"}],"version-history":[{"count":1,"href":"https:\/\/agora.xtec.cat\/ceipvistaalegre\/wp-json\/wp\/v2\/posts\/8003\/revisions"}],"predecessor-version":[{"id":8007,"href":"https:\/\/agora.xtec.cat\/ceipvistaalegre\/wp-json\/wp\/v2\/posts\/8003\/revisions\/8007"}],"wp:featuredmedia":[{"embeddable":true,"href":"https:\/\/agora.xtec.cat\/ceipvistaalegre\/wp-json\/wp\/v2\/media\/8006"}],"wp:attachment":[{"href":"https:\/\/agora.xtec.cat\/ceipvistaalegre\/wp-json\/wp\/v2\/media?parent=8003"}],"wp:term":[{"taxonomy":"category","embeddable":true,"href":"https:\/\/agora.xtec.cat\/ceipvistaalegre\/wp-json\/wp\/v2\/categories?post=8003"},{"taxonomy":"post_tag","embeddable":true,"href":"https:\/\/agora.xtec.cat\/ceipvistaalegre\/wp-json\/wp\/v2\/tags?post=8003"}],"curies":[{"name":"wp","href":"https:\/\/api.w.org\/{rel}","templated":true}]}}