{"id":7989,"date":"2022-11-13T21:05:44","date_gmt":"2022-11-13T20:05:44","guid":{"rendered":"https:\/\/agora.xtec.cat\/ceipvistaalegre\/?p=7989"},"modified":"2022-11-13T21:05:44","modified_gmt":"2022-11-13T20:05:44","slug":"treball-cooperatiu","status":"publish","type":"post","link":"https:\/\/agora.xtec.cat\/ceipvistaalegre\/primaria\/6e\/treball-cooperatiu\/","title":{"rendered":"Treball cooperatiu"},"content":{"rendered":"<p>A l&#8217;\u00e0rea de Medi Natural i Social, no nom\u00e9s s&#8217;est\u00e0 treballant els projectes , sin\u00f3 que tamb\u00e9 es fa treballs en grups, \u00e9s molt important ja que han d&#8217;aprendre a gestionar i posar-se d&#8217;acord com faran la tasca. No \u00e9s f\u00e0cil, per\u00f2 a mesura que es treballa en equip es va aprenent.<\/p>\n<p><img loading=\"lazy\" decoding=\"async\" class=\"alignnone  wp-image-7990\" src=\"https:\/\/agora.xtec.cat\/ceipvistaalegre\/wp-content\/uploads\/usu1936\/2022\/11\/WhatsApp-Image-2022-11-13-at-20.46.34-1024x768.jpeg\" alt=\"\" width=\"290\" height=\"217\" srcset=\"https:\/\/agora.xtec.cat\/ceipvistaalegre\/wp-content\/uploads\/usu1936\/2022\/11\/WhatsApp-Image-2022-11-13-at-20.46.34-1024x768.jpeg 1024w, https:\/\/agora.xtec.cat\/ceipvistaalegre\/wp-content\/uploads\/usu1936\/2022\/11\/WhatsApp-Image-2022-11-13-at-20.46.34-300x225.jpeg 300w, https:\/\/agora.xtec.cat\/ceipvistaalegre\/wp-content\/uploads\/usu1936\/2022\/11\/WhatsApp-Image-2022-11-13-at-20.46.34-768x576.jpeg 768w, https:\/\/agora.xtec.cat\/ceipvistaalegre\/wp-content\/uploads\/usu1936\/2022\/11\/WhatsApp-Image-2022-11-13-at-20.46.34-1536x1152.jpeg 1536w, https:\/\/agora.xtec.cat\/ceipvistaalegre\/wp-content\/uploads\/usu1936\/2022\/11\/WhatsApp-Image-2022-11-13-at-20.46.34-200x150.jpeg 200w, https:\/\/agora.xtec.cat\/ceipvistaalegre\/wp-content\/uploads\/usu1936\/2022\/11\/WhatsApp-Image-2022-11-13-at-20.46.34.jpeg 2048w\" sizes=\"auto, (max-width: 290px) 100vw, 290px\" \/> <img loading=\"lazy\" decoding=\"async\" class=\"alignnone  wp-image-7991\" src=\"https:\/\/agora.xtec.cat\/ceipvistaalegre\/wp-content\/uploads\/usu1936\/2022\/11\/WhatsApp-Image-2022-11-13-at-20.46.34-1-1024x768.jpeg\" alt=\"\" width=\"286\" height=\"214\" srcset=\"https:\/\/agora.xtec.cat\/ceipvistaalegre\/wp-content\/uploads\/usu1936\/2022\/11\/WhatsApp-Image-2022-11-13-at-20.46.34-1-1024x768.jpeg 1024w, https:\/\/agora.xtec.cat\/ceipvistaalegre\/wp-content\/uploads\/usu1936\/2022\/11\/WhatsApp-Image-2022-11-13-at-20.46.34-1-300x225.jpeg 300w, https:\/\/agora.xtec.cat\/ceipvistaalegre\/wp-content\/uploads\/usu1936\/2022\/11\/WhatsApp-Image-2022-11-13-at-20.46.34-1-768x576.jpeg 768w, https:\/\/agora.xtec.cat\/ceipvistaalegre\/wp-content\/uploads\/usu1936\/2022\/11\/WhatsApp-Image-2022-11-13-at-20.46.34-1-1536x1152.jpeg 1536w, https:\/\/agora.xtec.cat\/ceipvistaalegre\/wp-content\/uploads\/usu1936\/2022\/11\/WhatsApp-Image-2022-11-13-at-20.46.34-1-200x150.jpeg 200w, https:\/\/agora.xtec.cat\/ceipvistaalegre\/wp-content\/uploads\/usu1936\/2022\/11\/WhatsApp-Image-2022-11-13-at-20.46.34-1.jpeg 2048w\" sizes=\"auto, (max-width: 286px) 100vw, 286px\" \/> <img loading=\"lazy\" decoding=\"async\" class=\"alignnone  wp-image-7992\" src=\"https:\/\/agora.xtec.cat\/ceipvistaalegre\/wp-content\/uploads\/usu1936\/2022\/11\/WhatsApp-Image-2022-11-13-at-20.46.35-1024x768.jpeg\" alt=\"\" width=\"284\" height=\"213\" srcset=\"https:\/\/agora.xtec.cat\/ceipvistaalegre\/wp-content\/uploads\/usu1936\/2022\/11\/WhatsApp-Image-2022-11-13-at-20.46.35-1024x768.jpeg 1024w, https:\/\/agora.xtec.cat\/ceipvistaalegre\/wp-content\/uploads\/usu1936\/2022\/11\/WhatsApp-Image-2022-11-13-at-20.46.35-300x225.jpeg 300w, https:\/\/agora.xtec.cat\/ceipvistaalegre\/wp-content\/uploads\/usu1936\/2022\/11\/WhatsApp-Image-2022-11-13-at-20.46.35-768x576.jpeg 768w, https:\/\/agora.xtec.cat\/ceipvistaalegre\/wp-content\/uploads\/usu1936\/2022\/11\/WhatsApp-Image-2022-11-13-at-20.46.35-1536x1152.jpeg 1536w, https:\/\/agora.xtec.cat\/ceipvistaalegre\/wp-content\/uploads\/usu1936\/2022\/11\/WhatsApp-Image-2022-11-13-at-20.46.35-200x150.jpeg 200w, https:\/\/agora.xtec.cat\/ceipvistaalegre\/wp-content\/uploads\/usu1936\/2022\/11\/WhatsApp-Image-2022-11-13-at-20.46.35.jpeg 2048w\" sizes=\"auto, (max-width: 284px) 100vw, 284px\" \/><\/p>\n","protected":false},"excerpt":{"rendered":"<p>A l&#8217;\u00e0rea de Medi Natural i Social, no nom\u00e9s s&#8217;est\u00e0 treballant els projectes , sin\u00f3 que tamb\u00e9 es fa treballs en grups, \u00e9s molt important ja que han d&#8217;aprendre a gestionar i posar-se d&#8217;acord com faran la tasca. No \u00e9s f\u00e0cil, per\u00f2 a mesura que&hellip;  <a href=\"https:\/\/agora.xtec.cat\/ceipvistaalegre\/primaria\/6e\/treball-cooperatiu\/\" title=\"Read Treball cooperatiu\">Llegeix m\u00e9s\u00bb<\/a><\/p>\n","protected":false},"author":18,"featured_media":0,"comment_status":"open","ping_status":"closed","sticky":false,"template":"","format":"standard","meta":{"_bbp_topic_count":0,"_bbp_reply_count":0,"_bbp_total_topic_count":0,"_bbp_total_reply_count":0,"_bbp_voice_count":0,"_bbp_anonymous_reply_count":0,"_bbp_topic_count_hidden":0,"_bbp_reply_count_hidden":0,"_bbp_forum_subforum_count":0,"footnotes":""},"categories":[15],"tags":[],"class_list":["post-7989","post","type-post","status-publish","format-standard","hentry","category-6e"],"post_mailing_queue_ids":[],"_links":{"self":[{"href":"https:\/\/agora.xtec.cat\/ceipvistaalegre\/wp-json\/wp\/v2\/posts\/7989","targetHints":{"allow":["GET"]}}],"collection":[{"href":"https:\/\/agora.xtec.cat\/ceipvistaalegre\/wp-json\/wp\/v2\/posts"}],"about":[{"href":"https:\/\/agora.xtec.cat\/ceipvistaalegre\/wp-json\/wp\/v2\/types\/post"}],"author":[{"embeddable":true,"href":"https:\/\/agora.xtec.cat\/ceipvistaalegre\/wp-json\/wp\/v2\/users\/18"}],"replies":[{"embeddable":true,"href":"https:\/\/agora.xtec.cat\/ceipvistaalegre\/wp-json\/wp\/v2\/comments?post=7989"}],"version-history":[{"count":1,"href":"https:\/\/agora.xtec.cat\/ceipvistaalegre\/wp-json\/wp\/v2\/posts\/7989\/revisions"}],"predecessor-version":[{"id":7993,"href":"https:\/\/agora.xtec.cat\/ceipvistaalegre\/wp-json\/wp\/v2\/posts\/7989\/revisions\/7993"}],"wp:attachment":[{"href":"https:\/\/agora.xtec.cat\/ceipvistaalegre\/wp-json\/wp\/v2\/media?parent=7989"}],"wp:term":[{"taxonomy":"category","embeddable":true,"href":"https:\/\/agora.xtec.cat\/ceipvistaalegre\/wp-json\/wp\/v2\/categories?post=7989"},{"taxonomy":"post_tag","embeddable":true,"href":"https:\/\/agora.xtec.cat\/ceipvistaalegre\/wp-json\/wp\/v2\/tags?post=7989"}],"curies":[{"name":"wp","href":"https:\/\/api.w.org\/{rel}","templated":true}]}}