{"id":7874,"date":"2022-11-04T15:22:37","date_gmt":"2022-11-04T14:22:37","guid":{"rendered":"https:\/\/agora.xtec.cat\/ceipvistaalegre\/?p=7874"},"modified":"2022-11-04T15:40:23","modified_gmt":"2022-11-04T14:40:23","slug":"dali-un-viatge-immersiu","status":"publish","type":"post","link":"https:\/\/agora.xtec.cat\/ceipvistaalegre\/primaria\/5e\/dali-un-viatge-immersiu\/","title":{"rendered":"Dal\u00ed &#8211; Un viatge immersiu"},"content":{"rendered":"<p>El passat 27 d&#8217;octubre, els alumnes de 5\u00e8, juntament amb els companys de 6\u00e8, vam anar a l&#8217;IDEAL, el centre d&#8217;arts digitals de Barcelona per donar el tret de sortida al projecte art\u00edstic de Dal\u00ed.<\/p>\n<p>Vam fer un viatge immersiu per la ment de Salvador Dal\u00ed que ens va permetre descobrir com la genialitat de la seva obra \u00e9s el resultat d&#8217;un pensament obert, ambici\u00f3s, provocador i tamb\u00e9 cient\u00edfic. Vam fer un recorregut d&#8217;all\u00f2 m\u00e9s original per les seves obres m\u00e9s reconegudes des d&#8217;una perspectiva completament nova. L&#8217;univers po\u00e8tic i on\u00edric dalini\u00e0 complementat amb projeccions de gran format, instal\u00b7lacions interactives, hologrames, realitat virtual i intel\u00b7lig\u00e8ncia artificial.<\/p>\n<p>Ens va agradar tot el que vam veure a l&#8217;exposici\u00f3, per\u00f2 si ens hem de quedar amb una cosa, sense cap mena de dubte, ens quedem amb l&#8217;experi\u00e8ncia de les ulleres de realitat virtual. Ens va encantar!<\/p>\n<p>Despr\u00e9s per rematar el dia, vam anar fins al parc de Montju\u00efc a dinar. Ens ho vam passar genial!<\/p>\n<p><a href=\"https:\/\/agora.xtec.cat\/ceipvistaalegre\/wp-content\/uploads\/usu1936\/2022\/11\/FotoGrid_20221104_151524067-scaled.jpg\"><img loading=\"lazy\" decoding=\"async\" class=\" wp-image-7875 aligncenter\" src=\"https:\/\/agora.xtec.cat\/ceipvistaalegre\/wp-content\/uploads\/usu1936\/2022\/11\/FotoGrid_20221104_151524067-819x1024.jpg\" alt=\"\" width=\"461\" height=\"576\" srcset=\"https:\/\/agora.xtec.cat\/ceipvistaalegre\/wp-content\/uploads\/usu1936\/2022\/11\/FotoGrid_20221104_151524067-819x1024.jpg 819w, https:\/\/agora.xtec.cat\/ceipvistaalegre\/wp-content\/uploads\/usu1936\/2022\/11\/FotoGrid_20221104_151524067-240x300.jpg 240w, https:\/\/agora.xtec.cat\/ceipvistaalegre\/wp-content\/uploads\/usu1936\/2022\/11\/FotoGrid_20221104_151524067-768x960.jpg 768w, https:\/\/agora.xtec.cat\/ceipvistaalegre\/wp-content\/uploads\/usu1936\/2022\/11\/FotoGrid_20221104_151524067-1229x1536.jpg 1229w, https:\/\/agora.xtec.cat\/ceipvistaalegre\/wp-content\/uploads\/usu1936\/2022\/11\/FotoGrid_20221104_151524067-1638x2048.jpg 1638w, https:\/\/agora.xtec.cat\/ceipvistaalegre\/wp-content\/uploads\/usu1936\/2022\/11\/FotoGrid_20221104_151524067-scaled.jpg 2048w\" sizes=\"auto, (max-width: 461px) 100vw, 461px\" \/><\/a><\/p>\n<p>&nbsp;<\/p>\n<p><a href=\"https:\/\/agora.xtec.cat\/ceipvistaalegre\/wp-content\/uploads\/usu1936\/2022\/11\/IMG20221027140928-scaled.jpg\"><img loading=\"lazy\" decoding=\"async\" class=\" wp-image-7876 aligncenter\" src=\"https:\/\/agora.xtec.cat\/ceipvistaalegre\/wp-content\/uploads\/usu1936\/2022\/11\/IMG20221027140928-1024x768.jpg\" alt=\"\" width=\"663\" height=\"497\" srcset=\"https:\/\/agora.xtec.cat\/ceipvistaalegre\/wp-content\/uploads\/usu1936\/2022\/11\/IMG20221027140928-1024x768.jpg 1024w, https:\/\/agora.xtec.cat\/ceipvistaalegre\/wp-content\/uploads\/usu1936\/2022\/11\/IMG20221027140928-300x225.jpg 300w, https:\/\/agora.xtec.cat\/ceipvistaalegre\/wp-content\/uploads\/usu1936\/2022\/11\/IMG20221027140928-768x576.jpg 768w, https:\/\/agora.xtec.cat\/ceipvistaalegre\/wp-content\/uploads\/usu1936\/2022\/11\/IMG20221027140928-1536x1152.jpg 1536w, https:\/\/agora.xtec.cat\/ceipvistaalegre\/wp-content\/uploads\/usu1936\/2022\/11\/IMG20221027140928-2048x1536.jpg 2048w, https:\/\/agora.xtec.cat\/ceipvistaalegre\/wp-content\/uploads\/usu1936\/2022\/11\/IMG20221027140928-200x150.jpg 200w\" sizes=\"auto, (max-width: 663px) 100vw, 663px\" \/><\/a><\/p>\n","protected":false},"excerpt":{"rendered":"<p>El passat 27 d&#8217;octubre, els alumnes de 5\u00e8, juntament amb els companys de 6\u00e8, vam anar a l&#8217;IDEAL, el centre d&#8217;arts digitals de Barcelona per donar el tret de sortida al projecte art\u00edstic de Dal\u00ed.<br \/>\nVam fer un viatge immersiu per la ment de Salvador Dal\u00ed&hellip;  <a href=\"https:\/\/agora.xtec.cat\/ceipvistaalegre\/primaria\/5e\/dali-un-viatge-immersiu\/\" title=\"Read Dal\u00ed &#8211; Un viatge immersiu\">Llegeix m\u00e9s\u00bb<\/a><\/p>\n","protected":false},"author":31,"featured_media":7875,"comment_status":"open","ping_status":"closed","sticky":false,"template":"","format":"standard","meta":{"_bbp_topic_count":0,"_bbp_reply_count":0,"_bbp_total_topic_count":0,"_bbp_total_reply_count":0,"_bbp_voice_count":0,"_bbp_anonymous_reply_count":0,"_bbp_topic_count_hidden":0,"_bbp_reply_count_hidden":0,"_bbp_forum_subforum_count":0,"footnotes":""},"categories":[14],"tags":[],"class_list":["post-7874","post","type-post","status-publish","format-standard","has-post-thumbnail","hentry","category-5e"],"post_mailing_queue_ids":[],"_links":{"self":[{"href":"https:\/\/agora.xtec.cat\/ceipvistaalegre\/wp-json\/wp\/v2\/posts\/7874","targetHints":{"allow":["GET"]}}],"collection":[{"href":"https:\/\/agora.xtec.cat\/ceipvistaalegre\/wp-json\/wp\/v2\/posts"}],"about":[{"href":"https:\/\/agora.xtec.cat\/ceipvistaalegre\/wp-json\/wp\/v2\/types\/post"}],"author":[{"embeddable":true,"href":"https:\/\/agora.xtec.cat\/ceipvistaalegre\/wp-json\/wp\/v2\/users\/31"}],"replies":[{"embeddable":true,"href":"https:\/\/agora.xtec.cat\/ceipvistaalegre\/wp-json\/wp\/v2\/comments?post=7874"}],"version-history":[{"count":3,"href":"https:\/\/agora.xtec.cat\/ceipvistaalegre\/wp-json\/wp\/v2\/posts\/7874\/revisions"}],"predecessor-version":[{"id":7879,"href":"https:\/\/agora.xtec.cat\/ceipvistaalegre\/wp-json\/wp\/v2\/posts\/7874\/revisions\/7879"}],"wp:featuredmedia":[{"embeddable":true,"href":"https:\/\/agora.xtec.cat\/ceipvistaalegre\/wp-json\/wp\/v2\/media\/7875"}],"wp:attachment":[{"href":"https:\/\/agora.xtec.cat\/ceipvistaalegre\/wp-json\/wp\/v2\/media?parent=7874"}],"wp:term":[{"taxonomy":"category","embeddable":true,"href":"https:\/\/agora.xtec.cat\/ceipvistaalegre\/wp-json\/wp\/v2\/categories?post=7874"},{"taxonomy":"post_tag","embeddable":true,"href":"https:\/\/agora.xtec.cat\/ceipvistaalegre\/wp-json\/wp\/v2\/tags?post=7874"}],"curies":[{"name":"wp","href":"https:\/\/api.w.org\/{rel}","templated":true}]}}