{"id":7721,"date":"2022-10-31T10:02:26","date_gmt":"2022-10-31T09:02:26","guid":{"rendered":"https:\/\/agora.xtec.cat\/ceipvistaalegre\/?p=7721"},"modified":"2022-10-31T10:02:26","modified_gmt":"2022-10-31T09:02:26","slug":"festa-de-la-castanyada","status":"publish","type":"post","link":"https:\/\/agora.xtec.cat\/ceipvistaalegre\/portada\/festa-de-la-castanyada\/","title":{"rendered":"FESTA DE LA CASTANYADA"},"content":{"rendered":"<h3 style=\"text-align: center;\">FESTA DE LA CASTANYADA 2022 <a href=\"https:\/\/agora.xtec.cat\/ceipvistaalegre\/wp-content\/uploads\/usu1936\/2022\/10\/BAILE-scaled.jpg\"><img loading=\"lazy\" decoding=\"async\" class=\"wp-image-7722 aligncenter\" src=\"https:\/\/agora.xtec.cat\/ceipvistaalegre\/wp-content\/uploads\/usu1936\/2022\/10\/BAILE-1024x768.jpg\" alt=\"\" width=\"409\" height=\"307\" srcset=\"https:\/\/agora.xtec.cat\/ceipvistaalegre\/wp-content\/uploads\/usu1936\/2022\/10\/BAILE-1024x768.jpg 1024w, https:\/\/agora.xtec.cat\/ceipvistaalegre\/wp-content\/uploads\/usu1936\/2022\/10\/BAILE-300x225.jpg 300w, https:\/\/agora.xtec.cat\/ceipvistaalegre\/wp-content\/uploads\/usu1936\/2022\/10\/BAILE-768x576.jpg 768w, https:\/\/agora.xtec.cat\/ceipvistaalegre\/wp-content\/uploads\/usu1936\/2022\/10\/BAILE-1536x1152.jpg 1536w, https:\/\/agora.xtec.cat\/ceipvistaalegre\/wp-content\/uploads\/usu1936\/2022\/10\/BAILE-2048x1536.jpg 2048w, https:\/\/agora.xtec.cat\/ceipvistaalegre\/wp-content\/uploads\/usu1936\/2022\/10\/BAILE-200x150.jpg 200w\" sizes=\"auto, (max-width: 409px) 100vw, 409px\" \/><\/a><\/h3>\n<p>Des de I3 fins a 6\u00e8, tot alumnat de l&#8217;escola va fer una dansa conjunta de la coneguda can\u00e7\u00f3 &#8220;El ball de la castanyera&#8221;. Tamb\u00e9 vam menjar castanyes torrades gr\u00e0cies a la col\u00b7laboraci\u00f3 de l&#8217;AMPA de l&#8217;escola, que va comprar-les.<\/p>\n<p>Tots i totes vam passar una bona estona celebrant aquesta festa tan tradicional. Una tarda de balls, m\u00fasica popular i jocs amb molt de ritme per celebrar la CASTANYADA 2022!<\/p>\n<p>Les fotos, les podeu veure clicant aqu\u00ed: <a href=\"https:\/\/drive.google.com\/drive\/folders\/13GNCCGZscHlVuSkaW9EUQ_OvcTnyieJS?usp=sharing\">CASTANYADA<\/a><\/p>\n","protected":false},"excerpt":{"rendered":"<p>FESTA DE LA CASTANYADA 2022 <a href=\"https:\/\/agora.xtec.cat\/ceipvistaalegre\/wp-content\/uploads\/usu1936\/2022\/10\/BAILE-scaled.jpg\"><\/a><br \/>\nDes de I3 fins a 6\u00e8, tot alumnat de l&#8217;escola va fer una dansa conjunta de la coneguda can\u00e7\u00f3 &#8220;El ball de la castanyera&#8221;. Tamb\u00e9 vam menjar castanyes torrades gr\u00e0cies a la col\u00b7laboraci\u00f3 de l&#8217;AMPA de l&#8217;escola, que va&hellip;  <a href=\"https:\/\/agora.xtec.cat\/ceipvistaalegre\/portada\/festa-de-la-castanyada\/\" title=\"Read FESTA DE LA CASTANYADA\">Llegeix m\u00e9s\u00bb<\/a><\/p>\n","protected":false},"author":3,"featured_media":0,"comment_status":"open","ping_status":"closed","sticky":false,"template":"","format":"standard","meta":{"_bbp_topic_count":0,"_bbp_reply_count":0,"_bbp_total_topic_count":0,"_bbp_total_reply_count":0,"_bbp_voice_count":0,"_bbp_anonymous_reply_count":0,"_bbp_topic_count_hidden":0,"_bbp_reply_count_hidden":0,"_bbp_forum_subforum_count":0,"footnotes":""},"categories":[4],"tags":[],"class_list":["post-7721","post","type-post","status-publish","format-standard","hentry","category-portada"],"post_mailing_queue_ids":[],"_links":{"self":[{"href":"https:\/\/agora.xtec.cat\/ceipvistaalegre\/wp-json\/wp\/v2\/posts\/7721","targetHints":{"allow":["GET"]}}],"collection":[{"href":"https:\/\/agora.xtec.cat\/ceipvistaalegre\/wp-json\/wp\/v2\/posts"}],"about":[{"href":"https:\/\/agora.xtec.cat\/ceipvistaalegre\/wp-json\/wp\/v2\/types\/post"}],"author":[{"embeddable":true,"href":"https:\/\/agora.xtec.cat\/ceipvistaalegre\/wp-json\/wp\/v2\/users\/3"}],"replies":[{"embeddable":true,"href":"https:\/\/agora.xtec.cat\/ceipvistaalegre\/wp-json\/wp\/v2\/comments?post=7721"}],"version-history":[{"count":1,"href":"https:\/\/agora.xtec.cat\/ceipvistaalegre\/wp-json\/wp\/v2\/posts\/7721\/revisions"}],"predecessor-version":[{"id":7723,"href":"https:\/\/agora.xtec.cat\/ceipvistaalegre\/wp-json\/wp\/v2\/posts\/7721\/revisions\/7723"}],"wp:attachment":[{"href":"https:\/\/agora.xtec.cat\/ceipvistaalegre\/wp-json\/wp\/v2\/media?parent=7721"}],"wp:term":[{"taxonomy":"category","embeddable":true,"href":"https:\/\/agora.xtec.cat\/ceipvistaalegre\/wp-json\/wp\/v2\/categories?post=7721"},{"taxonomy":"post_tag","embeddable":true,"href":"https:\/\/agora.xtec.cat\/ceipvistaalegre\/wp-json\/wp\/v2\/tags?post=7721"}],"curies":[{"name":"wp","href":"https:\/\/api.w.org\/{rel}","templated":true}]}}