{"id":7691,"date":"2022-10-27T20:34:21","date_gmt":"2022-10-27T18:34:21","guid":{"rendered":"https:\/\/agora.xtec.cat\/ceipvistaalegre\/?p=7691"},"modified":"2022-10-27T20:34:21","modified_gmt":"2022-10-27T18:34:21","slug":"festa-de-hallowen","status":"publish","type":"post","link":"https:\/\/agora.xtec.cat\/ceipvistaalegre\/primaria\/6e\/festa-de-hallowen\/","title":{"rendered":"Festa de Hallowen"},"content":{"rendered":"<p>Benvolgudes fam\u00edlies, un any m\u00e9s s&#8217;ha celebrat Hallowen a la nostra escola. Els vostres fills\/es han estat els protagonistes, han cantat una can\u00e7\u00f3 a tots els nens i nenes de l&#8217;escola. Despr\u00e9s han passat pel &#8220;t\u00fanel del terror&#8221;. Hem rigut molt\u00edssim.<\/p>\n<p>Us agra\u00efm molt la vostra participaci\u00f3 i col\u00b7laboraci\u00f3, els vostres fills i filles estan molt guapos i sobretot molt divertits! Ens ho hem passat genial!<\/p>\n<p><img loading=\"lazy\" decoding=\"async\" class=\"alignnone  wp-image-7692\" src=\"https:\/\/agora.xtec.cat\/ceipvistaalegre\/wp-content\/uploads\/usu1936\/2022\/10\/WhatsApp-Image-2022-10-27-at-19.56.21-1024x768.jpeg\" alt=\"\" width=\"390\" height=\"292\" srcset=\"https:\/\/agora.xtec.cat\/ceipvistaalegre\/wp-content\/uploads\/usu1936\/2022\/10\/WhatsApp-Image-2022-10-27-at-19.56.21-1024x768.jpeg 1024w, https:\/\/agora.xtec.cat\/ceipvistaalegre\/wp-content\/uploads\/usu1936\/2022\/10\/WhatsApp-Image-2022-10-27-at-19.56.21-300x225.jpeg 300w, https:\/\/agora.xtec.cat\/ceipvistaalegre\/wp-content\/uploads\/usu1936\/2022\/10\/WhatsApp-Image-2022-10-27-at-19.56.21-768x576.jpeg 768w, https:\/\/agora.xtec.cat\/ceipvistaalegre\/wp-content\/uploads\/usu1936\/2022\/10\/WhatsApp-Image-2022-10-27-at-19.56.21-1536x1152.jpeg 1536w, https:\/\/agora.xtec.cat\/ceipvistaalegre\/wp-content\/uploads\/usu1936\/2022\/10\/WhatsApp-Image-2022-10-27-at-19.56.21-200x150.jpeg 200w, https:\/\/agora.xtec.cat\/ceipvistaalegre\/wp-content\/uploads\/usu1936\/2022\/10\/WhatsApp-Image-2022-10-27-at-19.56.21.jpeg 2048w\" sizes=\"auto, (max-width: 390px) 100vw, 390px\" \/><\/p>\n","protected":false},"excerpt":{"rendered":"<p>Benvolgudes fam\u00edlies, un any m\u00e9s s&#8217;ha celebrat Hallowen a la nostra escola. Els vostres fills\/es han estat els protagonistes, han cantat una can\u00e7\u00f3 a tots els nens i nenes de l&#8217;escola. Despr\u00e9s han passat pel &#8220;t\u00fanel del terror&#8221;. Hem rigut molt\u00edssim.<br \/>\nUs agra\u00efm molt la vostra&hellip;  <a href=\"https:\/\/agora.xtec.cat\/ceipvistaalegre\/primaria\/6e\/festa-de-hallowen\/\" title=\"Read Festa de Hallowen\">Llegeix m\u00e9s\u00bb<\/a><\/p>\n","protected":false},"author":18,"featured_media":0,"comment_status":"open","ping_status":"closed","sticky":false,"template":"","format":"standard","meta":{"_bbp_topic_count":0,"_bbp_reply_count":0,"_bbp_total_topic_count":0,"_bbp_total_reply_count":0,"_bbp_voice_count":0,"_bbp_anonymous_reply_count":0,"_bbp_topic_count_hidden":0,"_bbp_reply_count_hidden":0,"_bbp_forum_subforum_count":0,"footnotes":""},"categories":[15],"tags":[],"class_list":["post-7691","post","type-post","status-publish","format-standard","hentry","category-6e"],"post_mailing_queue_ids":[],"_links":{"self":[{"href":"https:\/\/agora.xtec.cat\/ceipvistaalegre\/wp-json\/wp\/v2\/posts\/7691","targetHints":{"allow":["GET"]}}],"collection":[{"href":"https:\/\/agora.xtec.cat\/ceipvistaalegre\/wp-json\/wp\/v2\/posts"}],"about":[{"href":"https:\/\/agora.xtec.cat\/ceipvistaalegre\/wp-json\/wp\/v2\/types\/post"}],"author":[{"embeddable":true,"href":"https:\/\/agora.xtec.cat\/ceipvistaalegre\/wp-json\/wp\/v2\/users\/18"}],"replies":[{"embeddable":true,"href":"https:\/\/agora.xtec.cat\/ceipvistaalegre\/wp-json\/wp\/v2\/comments?post=7691"}],"version-history":[{"count":1,"href":"https:\/\/agora.xtec.cat\/ceipvistaalegre\/wp-json\/wp\/v2\/posts\/7691\/revisions"}],"predecessor-version":[{"id":7693,"href":"https:\/\/agora.xtec.cat\/ceipvistaalegre\/wp-json\/wp\/v2\/posts\/7691\/revisions\/7693"}],"wp:attachment":[{"href":"https:\/\/agora.xtec.cat\/ceipvistaalegre\/wp-json\/wp\/v2\/media?parent=7691"}],"wp:term":[{"taxonomy":"category","embeddable":true,"href":"https:\/\/agora.xtec.cat\/ceipvistaalegre\/wp-json\/wp\/v2\/categories?post=7691"},{"taxonomy":"post_tag","embeddable":true,"href":"https:\/\/agora.xtec.cat\/ceipvistaalegre\/wp-json\/wp\/v2\/tags?post=7691"}],"curies":[{"name":"wp","href":"https:\/\/api.w.org\/{rel}","templated":true}]}}