{"id":7687,"date":"2022-10-27T20:21:38","date_gmt":"2022-10-27T18:21:38","guid":{"rendered":"https:\/\/agora.xtec.cat\/ceipvistaalegre\/?p=7687"},"modified":"2022-10-27T20:21:38","modified_gmt":"2022-10-27T18:21:38","slug":"dali-cibernetic","status":"publish","type":"post","link":"https:\/\/agora.xtec.cat\/ceipvistaalegre\/primaria\/6e\/dali-cibernetic\/","title":{"rendered":"DAL\u00cd CIBERN\u00c8TIC"},"content":{"rendered":"<p>Avui hem anat al centre d&#8217;arts digitals IDEAL a Barcelona. Hem vist una exposici\u00f3 immersiva de les obres de Dal\u00ed, a partir de diverses sales interactives que posen en context la implicaci\u00f3 que tenia Dal\u00ed amb la idea d&#8217;un art creat per m\u00e0quines. Dal\u00ed va ser un pintor interessat en la tecnologia que va treballar amb els primers ordinadors i que l&#8217;art del futur seria cibern\u00e8tic i tecnol\u00f2gic.<\/p>\n<p>L&#8217;exposici\u00f3 del pintor catal\u00e0 mostra per primera vegada una perspectiva futurista i cibern\u00e8tica.<\/p>\n<p>Els vostres fills i filles s&#8217;han quedat molt sorpresos de tot all\u00f2 que han vist!<\/p>\n<p><img loading=\"lazy\" decoding=\"async\" class=\"alignnone  wp-image-7688\" src=\"https:\/\/agora.xtec.cat\/ceipvistaalegre\/wp-content\/uploads\/usu1936\/2022\/10\/WhatsApp-Image-2022-10-27-at-19.55.20-1024x768.jpeg\" alt=\"\" width=\"318\" height=\"238\" srcset=\"https:\/\/agora.xtec.cat\/ceipvistaalegre\/wp-content\/uploads\/usu1936\/2022\/10\/WhatsApp-Image-2022-10-27-at-19.55.20-1024x768.jpeg 1024w, https:\/\/agora.xtec.cat\/ceipvistaalegre\/wp-content\/uploads\/usu1936\/2022\/10\/WhatsApp-Image-2022-10-27-at-19.55.20-300x225.jpeg 300w, https:\/\/agora.xtec.cat\/ceipvistaalegre\/wp-content\/uploads\/usu1936\/2022\/10\/WhatsApp-Image-2022-10-27-at-19.55.20-768x576.jpeg 768w, https:\/\/agora.xtec.cat\/ceipvistaalegre\/wp-content\/uploads\/usu1936\/2022\/10\/WhatsApp-Image-2022-10-27-at-19.55.20-1536x1152.jpeg 1536w, https:\/\/agora.xtec.cat\/ceipvistaalegre\/wp-content\/uploads\/usu1936\/2022\/10\/WhatsApp-Image-2022-10-27-at-19.55.20-200x150.jpeg 200w, https:\/\/agora.xtec.cat\/ceipvistaalegre\/wp-content\/uploads\/usu1936\/2022\/10\/WhatsApp-Image-2022-10-27-at-19.55.20.jpeg 2048w\" sizes=\"auto, (max-width: 318px) 100vw, 318px\" \/> <img loading=\"lazy\" decoding=\"async\" class=\"alignnone  wp-image-7689\" src=\"https:\/\/agora.xtec.cat\/ceipvistaalegre\/wp-content\/uploads\/usu1936\/2022\/10\/WhatsApp-Image-2022-10-27-at-19.54.56-1024x768.jpeg\" alt=\"\" width=\"316\" height=\"237\" srcset=\"https:\/\/agora.xtec.cat\/ceipvistaalegre\/wp-content\/uploads\/usu1936\/2022\/10\/WhatsApp-Image-2022-10-27-at-19.54.56-1024x768.jpeg 1024w, https:\/\/agora.xtec.cat\/ceipvistaalegre\/wp-content\/uploads\/usu1936\/2022\/10\/WhatsApp-Image-2022-10-27-at-19.54.56-300x225.jpeg 300w, https:\/\/agora.xtec.cat\/ceipvistaalegre\/wp-content\/uploads\/usu1936\/2022\/10\/WhatsApp-Image-2022-10-27-at-19.54.56-768x576.jpeg 768w, https:\/\/agora.xtec.cat\/ceipvistaalegre\/wp-content\/uploads\/usu1936\/2022\/10\/WhatsApp-Image-2022-10-27-at-19.54.56-1536x1152.jpeg 1536w, https:\/\/agora.xtec.cat\/ceipvistaalegre\/wp-content\/uploads\/usu1936\/2022\/10\/WhatsApp-Image-2022-10-27-at-19.54.56-200x150.jpeg 200w, https:\/\/agora.xtec.cat\/ceipvistaalegre\/wp-content\/uploads\/usu1936\/2022\/10\/WhatsApp-Image-2022-10-27-at-19.54.56.jpeg 2048w\" sizes=\"auto, (max-width: 316px) 100vw, 316px\" \/><\/p>\n","protected":false},"excerpt":{"rendered":"<p>Avui hem anat al centre d&#8217;arts digitals IDEAL a Barcelona. Hem vist una exposici\u00f3 immersiva de les obres de Dal\u00ed, a partir de diverses sales interactives que posen en context la implicaci\u00f3 que tenia Dal\u00ed amb la idea d&#8217;un art creat per m\u00e0quines. Dal\u00ed va&hellip;  <a href=\"https:\/\/agora.xtec.cat\/ceipvistaalegre\/primaria\/6e\/dali-cibernetic\/\" title=\"Read DAL\u00cd CIBERN\u00c8TIC\">Llegeix m\u00e9s\u00bb<\/a><\/p>\n","protected":false},"author":18,"featured_media":0,"comment_status":"open","ping_status":"closed","sticky":false,"template":"","format":"standard","meta":{"_bbp_topic_count":0,"_bbp_reply_count":0,"_bbp_total_topic_count":0,"_bbp_total_reply_count":0,"_bbp_voice_count":0,"_bbp_anonymous_reply_count":0,"_bbp_topic_count_hidden":0,"_bbp_reply_count_hidden":0,"_bbp_forum_subforum_count":0,"footnotes":""},"categories":[15],"tags":[],"class_list":["post-7687","post","type-post","status-publish","format-standard","hentry","category-6e"],"post_mailing_queue_ids":[],"_links":{"self":[{"href":"https:\/\/agora.xtec.cat\/ceipvistaalegre\/wp-json\/wp\/v2\/posts\/7687","targetHints":{"allow":["GET"]}}],"collection":[{"href":"https:\/\/agora.xtec.cat\/ceipvistaalegre\/wp-json\/wp\/v2\/posts"}],"about":[{"href":"https:\/\/agora.xtec.cat\/ceipvistaalegre\/wp-json\/wp\/v2\/types\/post"}],"author":[{"embeddable":true,"href":"https:\/\/agora.xtec.cat\/ceipvistaalegre\/wp-json\/wp\/v2\/users\/18"}],"replies":[{"embeddable":true,"href":"https:\/\/agora.xtec.cat\/ceipvistaalegre\/wp-json\/wp\/v2\/comments?post=7687"}],"version-history":[{"count":1,"href":"https:\/\/agora.xtec.cat\/ceipvistaalegre\/wp-json\/wp\/v2\/posts\/7687\/revisions"}],"predecessor-version":[{"id":7690,"href":"https:\/\/agora.xtec.cat\/ceipvistaalegre\/wp-json\/wp\/v2\/posts\/7687\/revisions\/7690"}],"wp:attachment":[{"href":"https:\/\/agora.xtec.cat\/ceipvistaalegre\/wp-json\/wp\/v2\/media?parent=7687"}],"wp:term":[{"taxonomy":"category","embeddable":true,"href":"https:\/\/agora.xtec.cat\/ceipvistaalegre\/wp-json\/wp\/v2\/categories?post=7687"},{"taxonomy":"post_tag","embeddable":true,"href":"https:\/\/agora.xtec.cat\/ceipvistaalegre\/wp-json\/wp\/v2\/tags?post=7687"}],"curies":[{"name":"wp","href":"https:\/\/api.w.org\/{rel}","templated":true}]}}