{"id":7684,"date":"2022-10-27T16:16:21","date_gmt":"2022-10-27T14:16:21","guid":{"rendered":"https:\/\/agora.xtec.cat\/ceipvistaalegre\/?p=7684"},"modified":"2022-10-27T16:16:21","modified_gmt":"2022-10-27T14:16:21","slug":"mostra-i-tastet-de-tardor","status":"publish","type":"post","link":"https:\/\/agora.xtec.cat\/ceipvistaalegre\/portada\/mostra-i-tastet-de-tardor\/","title":{"rendered":"MOSTRA I TASTET DE TARDOR"},"content":{"rendered":"<p>El passat dimecres 28 d&#8217;octubre va tenir lloc la mostra i tastet de productes t\u00edpics d&#8217;aquesta \u00e8poca de l&#8217;any: la tardor.<\/p>\n<p>L&#8217;alumnat de 6\u00e8 va ser l&#8217;encarregat d&#8217;explicar als nens i nenes de l&#8217;escola les caracter\u00edstiques d&#8217;alguns dels productes exposats: fruits secs, fruites amb suc, panellets, melmelada de pr\u00e9ssec o codony.<\/p>\n<p><a href=\"https:\/\/agora.xtec.cat\/ceipvistaalegre\/wp-content\/uploads\/usu1936\/2022\/10\/mostra-ok.jpg\"><img loading=\"lazy\" decoding=\"async\" class=\" wp-image-7685 aligncenter\" src=\"https:\/\/agora.xtec.cat\/ceipvistaalegre\/wp-content\/uploads\/usu1936\/2022\/10\/mostra-ok-988x1024.jpg\" alt=\"\" width=\"373\" height=\"386\" srcset=\"https:\/\/agora.xtec.cat\/ceipvistaalegre\/wp-content\/uploads\/usu1936\/2022\/10\/mostra-ok-988x1024.jpg 988w, https:\/\/agora.xtec.cat\/ceipvistaalegre\/wp-content\/uploads\/usu1936\/2022\/10\/mostra-ok-290x300.jpg 290w, https:\/\/agora.xtec.cat\/ceipvistaalegre\/wp-content\/uploads\/usu1936\/2022\/10\/mostra-ok-768x796.jpg 768w, https:\/\/agora.xtec.cat\/ceipvistaalegre\/wp-content\/uploads\/usu1936\/2022\/10\/mostra-ok-1483x1536.jpg 1483w, https:\/\/agora.xtec.cat\/ceipvistaalegre\/wp-content\/uploads\/usu1936\/2022\/10\/mostra-ok-1977x2048.jpg 1977w\" sizes=\"auto, (max-width: 373px) 100vw, 373px\" \/><\/a><\/p>\n<p>Despr\u00e9s d&#8217;aquesta mostra, els nens i nenes van poder fer un petit tastet a l&#8217;aula, que va agradar molt.<\/p>\n<p>Si voleu veure les fotos de la jornada, podeu clicar el seg\u00fcent enlla\u00e7: <a href=\"https:\/\/drive.google.com\/drive\/folders\/13AlnSgU242tjvE6ftRwdoTyYknBevDZm?usp=sharing\">TARDOR 2022<\/a><\/p>\n","protected":false},"excerpt":{"rendered":"<p>El passat dimecres 28 d&#8217;octubre va tenir lloc la mostra i tastet de productes t\u00edpics d&#8217;aquesta \u00e8poca de l&#8217;any: la tardor.<br \/>\nL&#8217;alumnat de 6\u00e8 va ser l&#8217;encarregat d&#8217;explicar als nens i nenes de l&#8217;escola les caracter\u00edstiques d&#8217;alguns dels productes exposats: fruits secs, fruites amb suc, panellets,&hellip;  <a href=\"https:\/\/agora.xtec.cat\/ceipvistaalegre\/portada\/mostra-i-tastet-de-tardor\/\" title=\"Read MOSTRA I TASTET DE TARDOR\">Llegeix m\u00e9s\u00bb<\/a><\/p>\n","protected":false},"author":3,"featured_media":0,"comment_status":"open","ping_status":"closed","sticky":false,"template":"","format":"standard","meta":{"_bbp_topic_count":0,"_bbp_reply_count":0,"_bbp_total_topic_count":0,"_bbp_total_reply_count":0,"_bbp_voice_count":0,"_bbp_anonymous_reply_count":0,"_bbp_topic_count_hidden":0,"_bbp_reply_count_hidden":0,"_bbp_forum_subforum_count":0,"footnotes":""},"categories":[4],"tags":[],"class_list":["post-7684","post","type-post","status-publish","format-standard","hentry","category-portada"],"post_mailing_queue_ids":[],"_links":{"self":[{"href":"https:\/\/agora.xtec.cat\/ceipvistaalegre\/wp-json\/wp\/v2\/posts\/7684","targetHints":{"allow":["GET"]}}],"collection":[{"href":"https:\/\/agora.xtec.cat\/ceipvistaalegre\/wp-json\/wp\/v2\/posts"}],"about":[{"href":"https:\/\/agora.xtec.cat\/ceipvistaalegre\/wp-json\/wp\/v2\/types\/post"}],"author":[{"embeddable":true,"href":"https:\/\/agora.xtec.cat\/ceipvistaalegre\/wp-json\/wp\/v2\/users\/3"}],"replies":[{"embeddable":true,"href":"https:\/\/agora.xtec.cat\/ceipvistaalegre\/wp-json\/wp\/v2\/comments?post=7684"}],"version-history":[{"count":1,"href":"https:\/\/agora.xtec.cat\/ceipvistaalegre\/wp-json\/wp\/v2\/posts\/7684\/revisions"}],"predecessor-version":[{"id":7686,"href":"https:\/\/agora.xtec.cat\/ceipvistaalegre\/wp-json\/wp\/v2\/posts\/7684\/revisions\/7686"}],"wp:attachment":[{"href":"https:\/\/agora.xtec.cat\/ceipvistaalegre\/wp-json\/wp\/v2\/media?parent=7684"}],"wp:term":[{"taxonomy":"category","embeddable":true,"href":"https:\/\/agora.xtec.cat\/ceipvistaalegre\/wp-json\/wp\/v2\/categories?post=7684"},{"taxonomy":"post_tag","embeddable":true,"href":"https:\/\/agora.xtec.cat\/ceipvistaalegre\/wp-json\/wp\/v2\/tags?post=7684"}],"curies":[{"name":"wp","href":"https:\/\/api.w.org\/{rel}","templated":true}]}}