{"id":7556,"date":"2022-10-07T19:24:43","date_gmt":"2022-10-07T17:24:43","guid":{"rendered":"https:\/\/agora.xtec.cat\/ceipvistaalegre\/?p=7556"},"modified":"2022-10-07T19:24:43","modified_gmt":"2022-10-07T17:24:43","slug":"decoracio-de-tardor","status":"publish","type":"post","link":"https:\/\/agora.xtec.cat\/ceipvistaalegre\/primaria\/6e\/decoracio-de-tardor\/","title":{"rendered":"Decoraci\u00f3 de tardor"},"content":{"rendered":"<p>Hola fam\u00edlies! com\u00a0 ja\u00a0 \u00e9s temps de tardor, avui a pl\u00e0stica hem comen\u00e7at a fer activitats i\u00a0 volem aprofitar per decorar la nostra escola.. Els nens i nenes han portat fulles de diferents mides i colors per a poder fer aquest treball. Han dissenyat el seu arbre com han volgut, i ha quedat molt bonic!.<\/p>\n<p><img loading=\"lazy\" decoding=\"async\" class=\"alignnone  wp-image-7557\" src=\"https:\/\/agora.xtec.cat\/ceipvistaalegre\/wp-content\/uploads\/usu1936\/2022\/10\/WhatsApp-Image-2022-10-07-at-18.58.56-1024x768.jpeg\" alt=\"\" width=\"282\" height=\"212\" srcset=\"https:\/\/agora.xtec.cat\/ceipvistaalegre\/wp-content\/uploads\/usu1936\/2022\/10\/WhatsApp-Image-2022-10-07-at-18.58.56-1024x768.jpeg 1024w, https:\/\/agora.xtec.cat\/ceipvistaalegre\/wp-content\/uploads\/usu1936\/2022\/10\/WhatsApp-Image-2022-10-07-at-18.58.56-300x225.jpeg 300w, https:\/\/agora.xtec.cat\/ceipvistaalegre\/wp-content\/uploads\/usu1936\/2022\/10\/WhatsApp-Image-2022-10-07-at-18.58.56-768x576.jpeg 768w, https:\/\/agora.xtec.cat\/ceipvistaalegre\/wp-content\/uploads\/usu1936\/2022\/10\/WhatsApp-Image-2022-10-07-at-18.58.56-1536x1152.jpeg 1536w, https:\/\/agora.xtec.cat\/ceipvistaalegre\/wp-content\/uploads\/usu1936\/2022\/10\/WhatsApp-Image-2022-10-07-at-18.58.56-200x150.jpeg 200w, https:\/\/agora.xtec.cat\/ceipvistaalegre\/wp-content\/uploads\/usu1936\/2022\/10\/WhatsApp-Image-2022-10-07-at-18.58.56.jpeg 2048w\" sizes=\"auto, (max-width: 282px) 100vw, 282px\" \/>\u00a0 <img loading=\"lazy\" decoding=\"async\" class=\"alignnone  wp-image-7558\" src=\"https:\/\/agora.xtec.cat\/ceipvistaalegre\/wp-content\/uploads\/usu1936\/2022\/10\/WhatsApp-Image-2022-10-07-at-18.58.55-1024x768.jpeg\" alt=\"\" width=\"278\" height=\"209\" srcset=\"https:\/\/agora.xtec.cat\/ceipvistaalegre\/wp-content\/uploads\/usu1936\/2022\/10\/WhatsApp-Image-2022-10-07-at-18.58.55-1024x768.jpeg 1024w, https:\/\/agora.xtec.cat\/ceipvistaalegre\/wp-content\/uploads\/usu1936\/2022\/10\/WhatsApp-Image-2022-10-07-at-18.58.55-300x225.jpeg 300w, https:\/\/agora.xtec.cat\/ceipvistaalegre\/wp-content\/uploads\/usu1936\/2022\/10\/WhatsApp-Image-2022-10-07-at-18.58.55-768x576.jpeg 768w, https:\/\/agora.xtec.cat\/ceipvistaalegre\/wp-content\/uploads\/usu1936\/2022\/10\/WhatsApp-Image-2022-10-07-at-18.58.55-1536x1152.jpeg 1536w, https:\/\/agora.xtec.cat\/ceipvistaalegre\/wp-content\/uploads\/usu1936\/2022\/10\/WhatsApp-Image-2022-10-07-at-18.58.55-200x150.jpeg 200w, https:\/\/agora.xtec.cat\/ceipvistaalegre\/wp-content\/uploads\/usu1936\/2022\/10\/WhatsApp-Image-2022-10-07-at-18.58.55.jpeg 2048w\" sizes=\"auto, (max-width: 278px) 100vw, 278px\" \/><\/p>\n<p>&nbsp;<\/p>\n","protected":false},"excerpt":{"rendered":"<p>Hola fam\u00edlies! com\u00a0 ja\u00a0 \u00e9s temps de tardor, avui a pl\u00e0stica hem comen\u00e7at a fer activitats i\u00a0 volem aprofitar per decorar la nostra escola.. Els nens i nenes han portat fulles de diferents mides i colors per a poder fer aquest treball. Han dissenyat el&hellip;  <a href=\"https:\/\/agora.xtec.cat\/ceipvistaalegre\/primaria\/6e\/decoracio-de-tardor\/\" title=\"Read Decoraci\u00f3 de tardor\">Llegeix m\u00e9s\u00bb<\/a><\/p>\n","protected":false},"author":18,"featured_media":0,"comment_status":"open","ping_status":"closed","sticky":false,"template":"","format":"standard","meta":{"_bbp_topic_count":0,"_bbp_reply_count":0,"_bbp_total_topic_count":0,"_bbp_total_reply_count":0,"_bbp_voice_count":0,"_bbp_anonymous_reply_count":0,"_bbp_topic_count_hidden":0,"_bbp_reply_count_hidden":0,"_bbp_forum_subforum_count":0,"footnotes":""},"categories":[15],"tags":[],"class_list":["post-7556","post","type-post","status-publish","format-standard","hentry","category-6e"],"post_mailing_queue_ids":[],"_links":{"self":[{"href":"https:\/\/agora.xtec.cat\/ceipvistaalegre\/wp-json\/wp\/v2\/posts\/7556","targetHints":{"allow":["GET"]}}],"collection":[{"href":"https:\/\/agora.xtec.cat\/ceipvistaalegre\/wp-json\/wp\/v2\/posts"}],"about":[{"href":"https:\/\/agora.xtec.cat\/ceipvistaalegre\/wp-json\/wp\/v2\/types\/post"}],"author":[{"embeddable":true,"href":"https:\/\/agora.xtec.cat\/ceipvistaalegre\/wp-json\/wp\/v2\/users\/18"}],"replies":[{"embeddable":true,"href":"https:\/\/agora.xtec.cat\/ceipvistaalegre\/wp-json\/wp\/v2\/comments?post=7556"}],"version-history":[{"count":1,"href":"https:\/\/agora.xtec.cat\/ceipvistaalegre\/wp-json\/wp\/v2\/posts\/7556\/revisions"}],"predecessor-version":[{"id":7559,"href":"https:\/\/agora.xtec.cat\/ceipvistaalegre\/wp-json\/wp\/v2\/posts\/7556\/revisions\/7559"}],"wp:attachment":[{"href":"https:\/\/agora.xtec.cat\/ceipvistaalegre\/wp-json\/wp\/v2\/media?parent=7556"}],"wp:term":[{"taxonomy":"category","embeddable":true,"href":"https:\/\/agora.xtec.cat\/ceipvistaalegre\/wp-json\/wp\/v2\/categories?post=7556"},{"taxonomy":"post_tag","embeddable":true,"href":"https:\/\/agora.xtec.cat\/ceipvistaalegre\/wp-json\/wp\/v2\/tags?post=7556"}],"curies":[{"name":"wp","href":"https:\/\/api.w.org\/{rel}","templated":true}]}}