{"id":7552,"date":"2022-10-06T19:57:28","date_gmt":"2022-10-06T17:57:28","guid":{"rendered":"https:\/\/agora.xtec.cat\/ceipvistaalegre\/?p=7552"},"modified":"2022-10-06T19:57:28","modified_gmt":"2022-10-06T17:57:28","slug":"decoracio-porta-de-la-classe","status":"publish","type":"post","link":"https:\/\/agora.xtec.cat\/ceipvistaalegre\/primaria\/6e\/decoracio-porta-de-la-classe\/","title":{"rendered":"Decoraci\u00f3 porta de la classe"},"content":{"rendered":"<p>Hola fam\u00edlies de sis\u00e8!<\/p>\n<p>Ja sabeu que aquest curs el nom de la classe es diu &#8220;cient\u00edfics i cient\u00edfiques&#8221;, estem treballant sobre aquest projecte. Hem aprofitat i ja s&#8217;ha decorat la porta de la classe. Mireu que bonic a quedat.<\/p>\n<p><a href=\"https:\/\/agora.xtec.cat\/ceipvistaalegre\/wp-content\/uploads\/usu1936\/2022\/10\/WhatsApp-Image-2022-10-06-at-19.48.54.jpeg\"><img loading=\"lazy\" decoding=\"async\" class=\"alignnone  wp-image-7553\" src=\"https:\/\/agora.xtec.cat\/ceipvistaalegre\/wp-content\/uploads\/usu1936\/2022\/10\/WhatsApp-Image-2022-10-06-at-19.48.54-768x1024.jpeg\" alt=\"\" width=\"245\" height=\"327\" srcset=\"https:\/\/agora.xtec.cat\/ceipvistaalegre\/wp-content\/uploads\/usu1936\/2022\/10\/WhatsApp-Image-2022-10-06-at-19.48.54-768x1024.jpeg 768w, https:\/\/agora.xtec.cat\/ceipvistaalegre\/wp-content\/uploads\/usu1936\/2022\/10\/WhatsApp-Image-2022-10-06-at-19.48.54-225x300.jpeg 225w, https:\/\/agora.xtec.cat\/ceipvistaalegre\/wp-content\/uploads\/usu1936\/2022\/10\/WhatsApp-Image-2022-10-06-at-19.48.54-1152x1536.jpeg 1152w, https:\/\/agora.xtec.cat\/ceipvistaalegre\/wp-content\/uploads\/usu1936\/2022\/10\/WhatsApp-Image-2022-10-06-at-19.48.54.jpeg 1536w\" sizes=\"auto, (max-width: 245px) 100vw, 245px\" \/><\/a><\/p>\n<p>&nbsp;<\/p>\n","protected":false},"excerpt":{"rendered":"<p>Hola fam\u00edlies de sis\u00e8!<br \/>\nJa sabeu que aquest curs el nom de la classe es diu &#8220;cient\u00edfics i cient\u00edfiques&#8221;, estem treballant sobre aquest projecte. Hem aprofitat i ja s&#8217;ha decorat la porta de la classe. Mireu que bonic a quedat.<br \/>\n<a href=\"https:\/\/agora.xtec.cat\/ceipvistaalegre\/wp-content\/uploads\/usu1936\/2022\/10\/WhatsApp-Image-2022-10-06-at-19.48.54.jpeg\"><\/a><br \/>\n&nbsp;<\/p>\n","protected":false},"author":18,"featured_media":0,"comment_status":"open","ping_status":"closed","sticky":false,"template":"","format":"standard","meta":{"_bbp_topic_count":0,"_bbp_reply_count":0,"_bbp_total_topic_count":0,"_bbp_total_reply_count":0,"_bbp_voice_count":0,"_bbp_anonymous_reply_count":0,"_bbp_topic_count_hidden":0,"_bbp_reply_count_hidden":0,"_bbp_forum_subforum_count":0,"footnotes":""},"categories":[15],"tags":[],"class_list":["post-7552","post","type-post","status-publish","format-standard","hentry","category-6e"],"post_mailing_queue_ids":[],"_links":{"self":[{"href":"https:\/\/agora.xtec.cat\/ceipvistaalegre\/wp-json\/wp\/v2\/posts\/7552","targetHints":{"allow":["GET"]}}],"collection":[{"href":"https:\/\/agora.xtec.cat\/ceipvistaalegre\/wp-json\/wp\/v2\/posts"}],"about":[{"href":"https:\/\/agora.xtec.cat\/ceipvistaalegre\/wp-json\/wp\/v2\/types\/post"}],"author":[{"embeddable":true,"href":"https:\/\/agora.xtec.cat\/ceipvistaalegre\/wp-json\/wp\/v2\/users\/18"}],"replies":[{"embeddable":true,"href":"https:\/\/agora.xtec.cat\/ceipvistaalegre\/wp-json\/wp\/v2\/comments?post=7552"}],"version-history":[{"count":1,"href":"https:\/\/agora.xtec.cat\/ceipvistaalegre\/wp-json\/wp\/v2\/posts\/7552\/revisions"}],"predecessor-version":[{"id":7554,"href":"https:\/\/agora.xtec.cat\/ceipvistaalegre\/wp-json\/wp\/v2\/posts\/7552\/revisions\/7554"}],"wp:attachment":[{"href":"https:\/\/agora.xtec.cat\/ceipvistaalegre\/wp-json\/wp\/v2\/media?parent=7552"}],"wp:term":[{"taxonomy":"category","embeddable":true,"href":"https:\/\/agora.xtec.cat\/ceipvistaalegre\/wp-json\/wp\/v2\/categories?post=7552"},{"taxonomy":"post_tag","embeddable":true,"href":"https:\/\/agora.xtec.cat\/ceipvistaalegre\/wp-json\/wp\/v2\/tags?post=7552"}],"curies":[{"name":"wp","href":"https:\/\/api.w.org\/{rel}","templated":true}]}}