{"id":7546,"date":"2022-10-06T14:46:23","date_gmt":"2022-10-06T12:46:23","guid":{"rendered":"https:\/\/agora.xtec.cat\/ceipvistaalegre\/?p=7546"},"modified":"2022-10-06T14:46:23","modified_gmt":"2022-10-06T12:46:23","slug":"lescola-es-un-espai-cardioprotegit","status":"publish","type":"post","link":"https:\/\/agora.xtec.cat\/ceipvistaalegre\/portada\/lescola-es-un-espai-cardioprotegit\/","title":{"rendered":"L&#8217;escola \u00e9s un espai cardioprotegit"},"content":{"rendered":"<p><a href=\"https:\/\/agora.xtec.cat\/ceipvistaalegre\/wp-content\/uploads\/usu1936\/2022\/10\/ESPAI-CARDI-PROTEGIT.jpg\"><img loading=\"lazy\" decoding=\"async\" class=\"wp-image-7547 aligncenter\" src=\"https:\/\/agora.xtec.cat\/ceipvistaalegre\/wp-content\/uploads\/usu1936\/2022\/10\/ESPAI-CARDI-PROTEGIT-1024x1024.jpg\" alt=\"\" width=\"469\" height=\"469\" srcset=\"https:\/\/agora.xtec.cat\/ceipvistaalegre\/wp-content\/uploads\/usu1936\/2022\/10\/ESPAI-CARDI-PROTEGIT-1024x1024.jpg 1024w, https:\/\/agora.xtec.cat\/ceipvistaalegre\/wp-content\/uploads\/usu1936\/2022\/10\/ESPAI-CARDI-PROTEGIT-300x300.jpg 300w, https:\/\/agora.xtec.cat\/ceipvistaalegre\/wp-content\/uploads\/usu1936\/2022\/10\/ESPAI-CARDI-PROTEGIT-150x150.jpg 150w, https:\/\/agora.xtec.cat\/ceipvistaalegre\/wp-content\/uploads\/usu1936\/2022\/10\/ESPAI-CARDI-PROTEGIT-768x768.jpg 768w, https:\/\/agora.xtec.cat\/ceipvistaalegre\/wp-content\/uploads\/usu1936\/2022\/10\/ESPAI-CARDI-PROTEGIT.jpg 1080w\" sizes=\"auto, (max-width: 469px) 100vw, 469px\" \/><\/a><\/p>\n<p>La nostra escola ja \u00e9s un espai cardioprotegit!<\/p>\n<p>Per\u00a0<strong>Espai Cardioprotegit\u00a0<\/strong>s\u2019ent\u00e9n aquell\u00a0lloc dotat de l\u2019equip i el personal necessari per assistir a una persona els primers minuts de produir-se una parada card\u00edaca, i des del qual es donar\u00e0 av\u00eds als serveis de socors.<\/p>\n<p>Tenim instal.lat un desfibrilador (DEA) al costat de consergeria, degudament identificat i senyalitzat.<\/p>\n<p>Personal docent i no docent de de l\u2019escola hem fet fer un curs per con\u00e8ixer el seu funcionament i els passos que cal seguir per fer-lo funcionar en cas que sigui necessari.<\/p>\n<p>La iniciativa va n\u00e8ixer per part de l&#8217;AMPA, els qui, conscienciats de la import\u00e0ncia de treballar en la prevenci\u00f3 de l\u2019aturada card\u00edaca, van decidir estudiar la implementaci\u00f3 d\u2019un desfibril\u00b7lador al nostre centre.<\/p>\n<p>Amb aquesta iniciativa entrem a formar part dels llocs de refer\u00e8ncia inclosos en el mapa oficial de\u00a0<strong>ZONES CARDIOPROTEGIDES de la Generalitat de Catalunya\u00a0<\/strong>localitzable en una app\u00a0 que permet a tothom saber on \u00e9s el desfibril\u00b7lador m\u00e9s proper en cas d\u2019urg\u00e8ncia al carrer.<\/p>\n<p>Volem donar les gr\u00e0cies molt especialment a totes les fam\u00edlies que heu fet possible aquest projecte, fent de la vostra escola un espai m\u00e9s segur per a tothom.<\/p>\n","protected":false},"excerpt":{"rendered":"<p><a href=\"https:\/\/agora.xtec.cat\/ceipvistaalegre\/wp-content\/uploads\/usu1936\/2022\/10\/ESPAI-CARDI-PROTEGIT.jpg\"><\/a><br \/>\nLa nostra escola ja \u00e9s un espai cardioprotegit!<br \/>\nPer\u00a0Espai Cardioprotegit\u00a0s\u2019ent\u00e9n aquell\u00a0lloc dotat de l\u2019equip i el personal necessari per assistir a una persona els primers minuts de produir-se una parada card\u00edaca, i des del qual es donar\u00e0 av\u00eds als serveis de socors.<br \/>\nTenim instal.lat un desfibrilador&hellip;  <a href=\"https:\/\/agora.xtec.cat\/ceipvistaalegre\/portada\/lescola-es-un-espai-cardioprotegit\/\" title=\"Read L&#8217;escola \u00e9s un espai cardioprotegit\">Llegeix m\u00e9s\u00bb<\/a><\/p>\n","protected":false},"author":3,"featured_media":0,"comment_status":"open","ping_status":"closed","sticky":false,"template":"","format":"standard","meta":{"_bbp_topic_count":0,"_bbp_reply_count":0,"_bbp_total_topic_count":0,"_bbp_total_reply_count":0,"_bbp_voice_count":0,"_bbp_anonymous_reply_count":0,"_bbp_topic_count_hidden":0,"_bbp_reply_count_hidden":0,"_bbp_forum_subforum_count":0,"footnotes":""},"categories":[4],"tags":[],"class_list":["post-7546","post","type-post","status-publish","format-standard","hentry","category-portada"],"post_mailing_queue_ids":[],"_links":{"self":[{"href":"https:\/\/agora.xtec.cat\/ceipvistaalegre\/wp-json\/wp\/v2\/posts\/7546","targetHints":{"allow":["GET"]}}],"collection":[{"href":"https:\/\/agora.xtec.cat\/ceipvistaalegre\/wp-json\/wp\/v2\/posts"}],"about":[{"href":"https:\/\/agora.xtec.cat\/ceipvistaalegre\/wp-json\/wp\/v2\/types\/post"}],"author":[{"embeddable":true,"href":"https:\/\/agora.xtec.cat\/ceipvistaalegre\/wp-json\/wp\/v2\/users\/3"}],"replies":[{"embeddable":true,"href":"https:\/\/agora.xtec.cat\/ceipvistaalegre\/wp-json\/wp\/v2\/comments?post=7546"}],"version-history":[{"count":1,"href":"https:\/\/agora.xtec.cat\/ceipvistaalegre\/wp-json\/wp\/v2\/posts\/7546\/revisions"}],"predecessor-version":[{"id":7548,"href":"https:\/\/agora.xtec.cat\/ceipvistaalegre\/wp-json\/wp\/v2\/posts\/7546\/revisions\/7548"}],"wp:attachment":[{"href":"https:\/\/agora.xtec.cat\/ceipvistaalegre\/wp-json\/wp\/v2\/media?parent=7546"}],"wp:term":[{"taxonomy":"category","embeddable":true,"href":"https:\/\/agora.xtec.cat\/ceipvistaalegre\/wp-json\/wp\/v2\/categories?post=7546"},{"taxonomy":"post_tag","embeddable":true,"href":"https:\/\/agora.xtec.cat\/ceipvistaalegre\/wp-json\/wp\/v2\/tags?post=7546"}],"curies":[{"name":"wp","href":"https:\/\/api.w.org\/{rel}","templated":true}]}}