{"id":7524,"date":"2022-09-29T19:25:48","date_gmt":"2022-09-29T17:25:48","guid":{"rendered":"https:\/\/agora.xtec.cat\/ceipvistaalegre\/?p=7524"},"modified":"2022-09-29T19:25:48","modified_gmt":"2022-09-29T17:25:48","slug":"projecte-els-cientifics-i-les-cientifiques","status":"publish","type":"post","link":"https:\/\/agora.xtec.cat\/ceipvistaalegre\/primaria\/6e\/projecte-els-cientifics-i-les-cientifiques\/","title":{"rendered":"Projecte els cient\u00edfics i les cient\u00edfiques"},"content":{"rendered":"<p>Aquest curs som la classe dels cient\u00edfics i de les cient\u00edfiques. A partir d&#8217;una pregunta repte va sorgir aquest projecte. Han sortit moltes preguntes interessants, en les quals els nens i nenes estan investigant! Estan treballant amb moltes ganes, esfor\u00e7, il\u00b7lusi\u00f3 i ells mateixos van organitzant tot el treball de manera cooperativa.<\/p>\n<p><img loading=\"lazy\" decoding=\"async\" class=\"alignnone  wp-image-7525\" src=\"https:\/\/agora.xtec.cat\/ceipvistaalegre\/wp-content\/uploads\/usu1936\/2022\/09\/WhatsApp-Image-2022-09-29-at-19.18.33-1024x768.jpeg\" alt=\"\" width=\"272\" height=\"204\" srcset=\"https:\/\/agora.xtec.cat\/ceipvistaalegre\/wp-content\/uploads\/usu1936\/2022\/09\/WhatsApp-Image-2022-09-29-at-19.18.33-1024x768.jpeg 1024w, https:\/\/agora.xtec.cat\/ceipvistaalegre\/wp-content\/uploads\/usu1936\/2022\/09\/WhatsApp-Image-2022-09-29-at-19.18.33-300x225.jpeg 300w, https:\/\/agora.xtec.cat\/ceipvistaalegre\/wp-content\/uploads\/usu1936\/2022\/09\/WhatsApp-Image-2022-09-29-at-19.18.33-768x576.jpeg 768w, https:\/\/agora.xtec.cat\/ceipvistaalegre\/wp-content\/uploads\/usu1936\/2022\/09\/WhatsApp-Image-2022-09-29-at-19.18.33-1536x1152.jpeg 1536w, https:\/\/agora.xtec.cat\/ceipvistaalegre\/wp-content\/uploads\/usu1936\/2022\/09\/WhatsApp-Image-2022-09-29-at-19.18.33-200x150.jpeg 200w, https:\/\/agora.xtec.cat\/ceipvistaalegre\/wp-content\/uploads\/usu1936\/2022\/09\/WhatsApp-Image-2022-09-29-at-19.18.33.jpeg 2048w\" sizes=\"auto, (max-width: 272px) 100vw, 272px\" \/> <img loading=\"lazy\" decoding=\"async\" class=\"alignnone  wp-image-7526\" src=\"https:\/\/agora.xtec.cat\/ceipvistaalegre\/wp-content\/uploads\/usu1936\/2022\/09\/WhatsApp-Image-2022-09-29-at-19.18.32-1024x768.jpeg\" alt=\"\" width=\"274\" height=\"206\" srcset=\"https:\/\/agora.xtec.cat\/ceipvistaalegre\/wp-content\/uploads\/usu1936\/2022\/09\/WhatsApp-Image-2022-09-29-at-19.18.32-1024x768.jpeg 1024w, https:\/\/agora.xtec.cat\/ceipvistaalegre\/wp-content\/uploads\/usu1936\/2022\/09\/WhatsApp-Image-2022-09-29-at-19.18.32-300x225.jpeg 300w, https:\/\/agora.xtec.cat\/ceipvistaalegre\/wp-content\/uploads\/usu1936\/2022\/09\/WhatsApp-Image-2022-09-29-at-19.18.32-768x576.jpeg 768w, https:\/\/agora.xtec.cat\/ceipvistaalegre\/wp-content\/uploads\/usu1936\/2022\/09\/WhatsApp-Image-2022-09-29-at-19.18.32-1536x1152.jpeg 1536w, https:\/\/agora.xtec.cat\/ceipvistaalegre\/wp-content\/uploads\/usu1936\/2022\/09\/WhatsApp-Image-2022-09-29-at-19.18.32-200x150.jpeg 200w, https:\/\/agora.xtec.cat\/ceipvistaalegre\/wp-content\/uploads\/usu1936\/2022\/09\/WhatsApp-Image-2022-09-29-at-19.18.32.jpeg 2048w\" sizes=\"auto, (max-width: 274px) 100vw, 274px\" \/><\/p>\n<p>&nbsp;<\/p>\n","protected":false},"excerpt":{"rendered":"<p>Aquest curs som la classe dels cient\u00edfics i de les cient\u00edfiques. A partir d&#8217;una pregunta repte va sorgir aquest projecte. Han sortit moltes preguntes interessants, en les quals els nens i nenes estan investigant! Estan treballant amb moltes ganes, esfor\u00e7, il\u00b7lusi\u00f3 i ells mateixos van&hellip;  <a href=\"https:\/\/agora.xtec.cat\/ceipvistaalegre\/primaria\/6e\/projecte-els-cientifics-i-les-cientifiques\/\" title=\"Read Projecte els cient\u00edfics i les cient\u00edfiques\">Llegeix m\u00e9s\u00bb<\/a><\/p>\n","protected":false},"author":18,"featured_media":0,"comment_status":"open","ping_status":"closed","sticky":false,"template":"","format":"standard","meta":{"_bbp_topic_count":0,"_bbp_reply_count":0,"_bbp_total_topic_count":0,"_bbp_total_reply_count":0,"_bbp_voice_count":0,"_bbp_anonymous_reply_count":0,"_bbp_topic_count_hidden":0,"_bbp_reply_count_hidden":0,"_bbp_forum_subforum_count":0,"footnotes":""},"categories":[15],"tags":[],"class_list":["post-7524","post","type-post","status-publish","format-standard","hentry","category-6e"],"post_mailing_queue_ids":[],"_links":{"self":[{"href":"https:\/\/agora.xtec.cat\/ceipvistaalegre\/wp-json\/wp\/v2\/posts\/7524","targetHints":{"allow":["GET"]}}],"collection":[{"href":"https:\/\/agora.xtec.cat\/ceipvistaalegre\/wp-json\/wp\/v2\/posts"}],"about":[{"href":"https:\/\/agora.xtec.cat\/ceipvistaalegre\/wp-json\/wp\/v2\/types\/post"}],"author":[{"embeddable":true,"href":"https:\/\/agora.xtec.cat\/ceipvistaalegre\/wp-json\/wp\/v2\/users\/18"}],"replies":[{"embeddable":true,"href":"https:\/\/agora.xtec.cat\/ceipvistaalegre\/wp-json\/wp\/v2\/comments?post=7524"}],"version-history":[{"count":1,"href":"https:\/\/agora.xtec.cat\/ceipvistaalegre\/wp-json\/wp\/v2\/posts\/7524\/revisions"}],"predecessor-version":[{"id":7527,"href":"https:\/\/agora.xtec.cat\/ceipvistaalegre\/wp-json\/wp\/v2\/posts\/7524\/revisions\/7527"}],"wp:attachment":[{"href":"https:\/\/agora.xtec.cat\/ceipvistaalegre\/wp-json\/wp\/v2\/media?parent=7524"}],"wp:term":[{"taxonomy":"category","embeddable":true,"href":"https:\/\/agora.xtec.cat\/ceipvistaalegre\/wp-json\/wp\/v2\/categories?post=7524"},{"taxonomy":"post_tag","embeddable":true,"href":"https:\/\/agora.xtec.cat\/ceipvistaalegre\/wp-json\/wp\/v2\/tags?post=7524"}],"curies":[{"name":"wp","href":"https:\/\/api.w.org\/{rel}","templated":true}]}}