{"id":7507,"date":"2022-09-22T17:15:52","date_gmt":"2022-09-22T15:15:52","guid":{"rendered":"https:\/\/agora.xtec.cat\/ceipvistaalegre\/?p=7507"},"modified":"2022-09-22T17:15:52","modified_gmt":"2022-09-22T15:15:52","slug":"experimentacio-amb-aigua","status":"publish","type":"post","link":"https:\/\/agora.xtec.cat\/ceipvistaalegre\/infantil\/infantil-4-anys\/experimentacio-amb-aigua\/","title":{"rendered":"EXPERIMENTACI\u00d3 AMB AIGUA"},"content":{"rendered":"<p>ELS INFANTS DE I4 I I5 HEM FET AQUESTS DIES EXPERIEMTACI\u00d3 AMB AIGUA. HEM FET<strong> BOMBOLLES DE SAB\u00d3<\/strong> AMB DIFERENTS ESTRIS I HEM GAUDIT JUGANT AL <strong>MINIM\u00d3N DEL MAR<\/strong>. ENS ENCANTEN AQUESTES ACTIVITATS A L&#8217;AIRE LLIURE.<a href=\"https:\/\/agora.xtec.cat\/ceipvistaalegre\/wp-content\/uploads\/usu1936\/2022\/09\/InShot_20220922_170431660-1.jpg\"><img loading=\"lazy\" decoding=\"async\" class=\"alignnone size-large wp-image-7508\" src=\"https:\/\/agora.xtec.cat\/ceipvistaalegre\/wp-content\/uploads\/usu1936\/2022\/09\/InShot_20220922_170431660-1-1024x1024.jpg\" alt=\"\" width=\"1024\" height=\"1024\" srcset=\"https:\/\/agora.xtec.cat\/ceipvistaalegre\/wp-content\/uploads\/usu1936\/2022\/09\/InShot_20220922_170431660-1-1024x1024.jpg 1024w, https:\/\/agora.xtec.cat\/ceipvistaalegre\/wp-content\/uploads\/usu1936\/2022\/09\/InShot_20220922_170431660-1-300x300.jpg 300w, https:\/\/agora.xtec.cat\/ceipvistaalegre\/wp-content\/uploads\/usu1936\/2022\/09\/InShot_20220922_170431660-1-150x150.jpg 150w, https:\/\/agora.xtec.cat\/ceipvistaalegre\/wp-content\/uploads\/usu1936\/2022\/09\/InShot_20220922_170431660-1-768x768.jpg 768w, https:\/\/agora.xtec.cat\/ceipvistaalegre\/wp-content\/uploads\/usu1936\/2022\/09\/InShot_20220922_170431660-1-1536x1536.jpg 1536w, https:\/\/agora.xtec.cat\/ceipvistaalegre\/wp-content\/uploads\/usu1936\/2022\/09\/InShot_20220922_170431660-1.jpg 1920w\" sizes=\"auto, (max-width: 1024px) 100vw, 1024px\" \/><\/a><\/p>\n","protected":false},"excerpt":{"rendered":"<p>ELS INFANTS DE I4 I I5 HEM FET AQUESTS DIES EXPERIEMTACI\u00d3 AMB AIGUA. HEM FET BOMBOLLES DE SAB\u00d3 AMB DIFERENTS ESTRIS I HEM GAUDIT JUGANT AL MINIM\u00d3N DEL MAR. ENS ENCANTEN AQUESTES ACTIVITATS A L&#8217;AIRE LLIURE.<a href=\"https:\/\/agora.xtec.cat\/ceipvistaalegre\/wp-content\/uploads\/usu1936\/2022\/09\/InShot_20220922_170431660-1.jpg\"><\/a><\/p>\n","protected":false},"author":25,"featured_media":0,"comment_status":"open","ping_status":"closed","sticky":false,"template":"","format":"standard","meta":{"_bbp_topic_count":0,"_bbp_reply_count":0,"_bbp_total_topic_count":0,"_bbp_total_reply_count":0,"_bbp_voice_count":0,"_bbp_anonymous_reply_count":0,"_bbp_topic_count_hidden":0,"_bbp_reply_count_hidden":0,"_bbp_forum_subforum_count":0,"footnotes":""},"categories":[8,225],"tags":[],"class_list":["post-7507","post","type-post","status-publish","format-standard","hentry","category-infantil-4-anys","category-infantil-5-anys"],"post_mailing_queue_ids":[],"_links":{"self":[{"href":"https:\/\/agora.xtec.cat\/ceipvistaalegre\/wp-json\/wp\/v2\/posts\/7507","targetHints":{"allow":["GET"]}}],"collection":[{"href":"https:\/\/agora.xtec.cat\/ceipvistaalegre\/wp-json\/wp\/v2\/posts"}],"about":[{"href":"https:\/\/agora.xtec.cat\/ceipvistaalegre\/wp-json\/wp\/v2\/types\/post"}],"author":[{"embeddable":true,"href":"https:\/\/agora.xtec.cat\/ceipvistaalegre\/wp-json\/wp\/v2\/users\/25"}],"replies":[{"embeddable":true,"href":"https:\/\/agora.xtec.cat\/ceipvistaalegre\/wp-json\/wp\/v2\/comments?post=7507"}],"version-history":[{"count":1,"href":"https:\/\/agora.xtec.cat\/ceipvistaalegre\/wp-json\/wp\/v2\/posts\/7507\/revisions"}],"predecessor-version":[{"id":7509,"href":"https:\/\/agora.xtec.cat\/ceipvistaalegre\/wp-json\/wp\/v2\/posts\/7507\/revisions\/7509"}],"wp:attachment":[{"href":"https:\/\/agora.xtec.cat\/ceipvistaalegre\/wp-json\/wp\/v2\/media?parent=7507"}],"wp:term":[{"taxonomy":"category","embeddable":true,"href":"https:\/\/agora.xtec.cat\/ceipvistaalegre\/wp-json\/wp\/v2\/categories?post=7507"},{"taxonomy":"post_tag","embeddable":true,"href":"https:\/\/agora.xtec.cat\/ceipvistaalegre\/wp-json\/wp\/v2\/tags?post=7507"}],"curies":[{"name":"wp","href":"https:\/\/api.w.org\/{rel}","templated":true}]}}