{"id":7445,"date":"2022-09-16T18:16:16","date_gmt":"2022-09-16T16:16:16","guid":{"rendered":"https:\/\/agora.xtec.cat\/ceipvistaalegre\/?p=7445"},"modified":"2022-09-16T18:23:34","modified_gmt":"2022-09-16T16:23:34","slug":"comencem-un-nou-curs","status":"publish","type":"post","link":"https:\/\/agora.xtec.cat\/ceipvistaalegre\/primaria\/6e\/comencem-un-nou-curs\/","title":{"rendered":"COMENCEM UN NOU CURS!!"},"content":{"rendered":"<p>Hola fam\u00edlies, ja estem a sis\u00e8!! Comen\u00e7a un nou curs amb molta energia positiva, grans prop\u00f2sits, grans projectes i tot all\u00f2\u00a0 qu\u00e8 se&#8217;ns presenti al llarg del curs, ho farem amb ganes, il\u00b7lusi\u00f3, motivaci\u00f3 i sobretot ho aprofitarem molt i molt, ja que ser\u00e0 el nostre darrer curs a l&#8217;escola.<\/p>\n<p>Recordem des de ben petits, que el tobogan de l&#8217;escola sempre ens ha agradat, \u00e9s per aix\u00f2 que ens hem volgut fer aquesta foto.<\/p>\n<p><img loading=\"lazy\" decoding=\"async\" class=\"alignnone wp-image-7446\" src=\"https:\/\/agora.xtec.cat\/ceipvistaalegre\/wp-content\/uploads\/usu1936\/2022\/09\/WhatsApp-Image-2022-09-15-at-15.25.47-771x1024.jpeg\" alt=\"\" width=\"265\" height=\"352\" srcset=\"https:\/\/agora.xtec.cat\/ceipvistaalegre\/wp-content\/uploads\/usu1936\/2022\/09\/WhatsApp-Image-2022-09-15-at-15.25.47-771x1024.jpeg 771w, https:\/\/agora.xtec.cat\/ceipvistaalegre\/wp-content\/uploads\/usu1936\/2022\/09\/WhatsApp-Image-2022-09-15-at-15.25.47-226x300.jpeg 226w, https:\/\/agora.xtec.cat\/ceipvistaalegre\/wp-content\/uploads\/usu1936\/2022\/09\/WhatsApp-Image-2022-09-15-at-15.25.47-768x1021.jpeg 768w, https:\/\/agora.xtec.cat\/ceipvistaalegre\/wp-content\/uploads\/usu1936\/2022\/09\/WhatsApp-Image-2022-09-15-at-15.25.47-1156x1536.jpeg 1156w, https:\/\/agora.xtec.cat\/ceipvistaalegre\/wp-content\/uploads\/usu1936\/2022\/09\/WhatsApp-Image-2022-09-15-at-15.25.47.jpeg 1204w\" sizes=\"auto, (max-width: 265px) 100vw, 265px\" \/><\/p>\n<p>&nbsp;<\/p>\n","protected":false},"excerpt":{"rendered":"<p>Hola fam\u00edlies, ja estem a sis\u00e8!! Comen\u00e7a un nou curs amb molta energia positiva, grans prop\u00f2sits, grans projectes i tot all\u00f2\u00a0 qu\u00e8 se&#8217;ns presenti al llarg del curs, ho farem amb ganes, il\u00b7lusi\u00f3, motivaci\u00f3 i sobretot ho aprofitarem molt i molt, ja que ser\u00e0 el&hellip;  <a href=\"https:\/\/agora.xtec.cat\/ceipvistaalegre\/primaria\/6e\/comencem-un-nou-curs\/\" title=\"Read COMENCEM UN NOU CURS!!\">Llegeix m\u00e9s\u00bb<\/a><\/p>\n","protected":false},"author":18,"featured_media":0,"comment_status":"open","ping_status":"closed","sticky":false,"template":"","format":"standard","meta":{"_bbp_topic_count":0,"_bbp_reply_count":0,"_bbp_total_topic_count":0,"_bbp_total_reply_count":0,"_bbp_voice_count":0,"_bbp_anonymous_reply_count":0,"_bbp_topic_count_hidden":0,"_bbp_reply_count_hidden":0,"_bbp_forum_subforum_count":0,"footnotes":""},"categories":[15],"tags":[],"class_list":["post-7445","post","type-post","status-publish","format-standard","hentry","category-6e"],"post_mailing_queue_ids":[],"_links":{"self":[{"href":"https:\/\/agora.xtec.cat\/ceipvistaalegre\/wp-json\/wp\/v2\/posts\/7445","targetHints":{"allow":["GET"]}}],"collection":[{"href":"https:\/\/agora.xtec.cat\/ceipvistaalegre\/wp-json\/wp\/v2\/posts"}],"about":[{"href":"https:\/\/agora.xtec.cat\/ceipvistaalegre\/wp-json\/wp\/v2\/types\/post"}],"author":[{"embeddable":true,"href":"https:\/\/agora.xtec.cat\/ceipvistaalegre\/wp-json\/wp\/v2\/users\/18"}],"replies":[{"embeddable":true,"href":"https:\/\/agora.xtec.cat\/ceipvistaalegre\/wp-json\/wp\/v2\/comments?post=7445"}],"version-history":[{"count":1,"href":"https:\/\/agora.xtec.cat\/ceipvistaalegre\/wp-json\/wp\/v2\/posts\/7445\/revisions"}],"predecessor-version":[{"id":7447,"href":"https:\/\/agora.xtec.cat\/ceipvistaalegre\/wp-json\/wp\/v2\/posts\/7445\/revisions\/7447"}],"wp:attachment":[{"href":"https:\/\/agora.xtec.cat\/ceipvistaalegre\/wp-json\/wp\/v2\/media?parent=7445"}],"wp:term":[{"taxonomy":"category","embeddable":true,"href":"https:\/\/agora.xtec.cat\/ceipvistaalegre\/wp-json\/wp\/v2\/categories?post=7445"},{"taxonomy":"post_tag","embeddable":true,"href":"https:\/\/agora.xtec.cat\/ceipvistaalegre\/wp-json\/wp\/v2\/tags?post=7445"}],"curies":[{"name":"wp","href":"https:\/\/api.w.org\/{rel}","templated":true}]}}