{"id":7442,"date":"2022-09-16T17:29:00","date_gmt":"2022-09-16T15:29:00","guid":{"rendered":"https:\/\/agora.xtec.cat\/ceipvistaalegre\/?p=7442"},"modified":"2022-09-18T18:04:38","modified_gmt":"2022-09-18T16:04:38","slug":"benvinguts-a-p5","status":"publish","type":"post","link":"https:\/\/agora.xtec.cat\/ceipvistaalegre\/infantil\/infantil-5-anys\/benvinguts-a-p5\/","title":{"rendered":"BENVINGUTS A I5"},"content":{"rendered":"<p><strong>Ja som a I5<\/strong> i estem molt contents i contentes de ser els m\u00e9s grans d&#8217;Educaci\u00f3 Infantil.<\/p>\n<p>Nom\u00e9s arribar a l&#8217;escola hem rebut la gran noticia:<\/p>\n<p>EL <strong>DRAC ALEGRE<\/strong> HA TINGUT UN FILL.<\/p>\n<p>Estem realment emocionats i per aix\u00f2 ens hem fet una foto amb ells. Entre tots i totes hem llegit el missatge que tenia penjat. Despr\u00e9s li hem volgut dedicar aquests preciosos dibuixos, representant els dos personatges. Mireu, mireu qu\u00e8 guapos&#8230;.<\/p>\n<p><a href=\"https:\/\/agora.xtec.cat\/ceipvistaalegre\/wp-content\/uploads\/usu1936\/2022\/09\/1663341087268-2-scaled.jpg\"><img loading=\"lazy\" decoding=\"async\" class=\"alignnone size-large wp-image-7443\" src=\"https:\/\/agora.xtec.cat\/ceipvistaalegre\/wp-content\/uploads\/usu1936\/2022\/09\/1663341087268-2-677x1024.jpg\" alt=\"\" width=\"677\" height=\"1024\" srcset=\"https:\/\/agora.xtec.cat\/ceipvistaalegre\/wp-content\/uploads\/usu1936\/2022\/09\/1663341087268-2-677x1024.jpg 677w, https:\/\/agora.xtec.cat\/ceipvistaalegre\/wp-content\/uploads\/usu1936\/2022\/09\/1663341087268-2-198x300.jpg 198w, https:\/\/agora.xtec.cat\/ceipvistaalegre\/wp-content\/uploads\/usu1936\/2022\/09\/1663341087268-2-768x1162.jpg 768w, https:\/\/agora.xtec.cat\/ceipvistaalegre\/wp-content\/uploads\/usu1936\/2022\/09\/1663341087268-2-1015x1536.jpg 1015w, https:\/\/agora.xtec.cat\/ceipvistaalegre\/wp-content\/uploads\/usu1936\/2022\/09\/1663341087268-2-1354x2048.jpg 1354w, https:\/\/agora.xtec.cat\/ceipvistaalegre\/wp-content\/uploads\/usu1936\/2022\/09\/1663341087268-2-scaled.jpg 1692w\" sizes=\"auto, (max-width: 677px) 100vw, 677px\" \/><\/a><\/p>\n","protected":false},"excerpt":{"rendered":"<p>Ja som a I5 i estem molt contents i contentes de ser els m\u00e9s grans d&#8217;Educaci\u00f3 Infantil.<br \/>\nNom\u00e9s arribar a l&#8217;escola hem rebut la gran noticia:<br \/>\nEL DRAC ALEGRE HA TINGUT UN FILL.<br \/>\nEstem realment emocionats i per aix\u00f2 ens hem fet una foto amb ells. Entre tots&hellip;  <a href=\"https:\/\/agora.xtec.cat\/ceipvistaalegre\/infantil\/infantil-5-anys\/benvinguts-a-p5\/\" title=\"Read BENVINGUTS A I5\">Llegeix m\u00e9s\u00bb<\/a><\/p>\n","protected":false},"author":25,"featured_media":0,"comment_status":"open","ping_status":"closed","sticky":false,"template":"","format":"standard","meta":{"_bbp_topic_count":0,"_bbp_reply_count":0,"_bbp_total_topic_count":0,"_bbp_total_reply_count":0,"_bbp_voice_count":0,"_bbp_anonymous_reply_count":0,"_bbp_topic_count_hidden":0,"_bbp_reply_count_hidden":0,"_bbp_forum_subforum_count":0,"footnotes":""},"categories":[225],"tags":[],"class_list":["post-7442","post","type-post","status-publish","format-standard","hentry","category-infantil-5-anys"],"post_mailing_queue_ids":[],"_links":{"self":[{"href":"https:\/\/agora.xtec.cat\/ceipvistaalegre\/wp-json\/wp\/v2\/posts\/7442","targetHints":{"allow":["GET"]}}],"collection":[{"href":"https:\/\/agora.xtec.cat\/ceipvistaalegre\/wp-json\/wp\/v2\/posts"}],"about":[{"href":"https:\/\/agora.xtec.cat\/ceipvistaalegre\/wp-json\/wp\/v2\/types\/post"}],"author":[{"embeddable":true,"href":"https:\/\/agora.xtec.cat\/ceipvistaalegre\/wp-json\/wp\/v2\/users\/25"}],"replies":[{"embeddable":true,"href":"https:\/\/agora.xtec.cat\/ceipvistaalegre\/wp-json\/wp\/v2\/comments?post=7442"}],"version-history":[{"count":2,"href":"https:\/\/agora.xtec.cat\/ceipvistaalegre\/wp-json\/wp\/v2\/posts\/7442\/revisions"}],"predecessor-version":[{"id":7453,"href":"https:\/\/agora.xtec.cat\/ceipvistaalegre\/wp-json\/wp\/v2\/posts\/7442\/revisions\/7453"}],"wp:attachment":[{"href":"https:\/\/agora.xtec.cat\/ceipvistaalegre\/wp-json\/wp\/v2\/media?parent=7442"}],"wp:term":[{"taxonomy":"category","embeddable":true,"href":"https:\/\/agora.xtec.cat\/ceipvistaalegre\/wp-json\/wp\/v2\/categories?post=7442"},{"taxonomy":"post_tag","embeddable":true,"href":"https:\/\/agora.xtec.cat\/ceipvistaalegre\/wp-json\/wp\/v2\/tags?post=7442"}],"curies":[{"name":"wp","href":"https:\/\/api.w.org\/{rel}","templated":true}]}}