{"id":7308,"date":"2022-06-09T10:39:37","date_gmt":"2022-06-09T08:39:37","guid":{"rendered":"https:\/\/agora.xtec.cat\/ceipvistaalegre\/?p=7308"},"modified":"2022-06-09T10:39:37","modified_gmt":"2022-06-09T08:39:37","slug":"cloenda-consell-dinfants-2021-22","status":"publish","type":"post","link":"https:\/\/agora.xtec.cat\/ceipvistaalegre\/primaria\/5e\/cloenda-consell-dinfants-2021-22\/","title":{"rendered":"Cloenda Consell d&#8217;infants 2021\/22"},"content":{"rendered":"<p>Ahir va tenir lloc la cloenda del Consell d&#8217;Infants d&#8217;aquest curs. Els nostres representants de 5\u00e8 i 6\u00e8, l&#8217;Asier i l&#8217;Abril, han estat tot el curs treballant amb altres representants d&#8217;altres escoles.<\/p>\n<p>Amb el tema &#8220;Discriminaci\u00f3 i desigualtats&#8221;, que es va votar al plenari de l&#8217;Ajuntament al mes d&#8217;octubre, han anat fent propostes, reflexionant i analitzant diferents situacions on es produeixen les desigualtats, les faltes de respecte o la discriminaci\u00f3 per raons de g\u00e8nere, classe social o ra\u00e7a.<\/p>\n<p>A l&#8217;acte van assistir el David Bote, alcalde de Matar\u00f3, i el Miquel \u00c0ngel Vadell, regidor d&#8217;Educaci\u00f3, a m\u00e9s d&#8217;altres representants de partits pol\u00edtics, que els van animar a continuar treballant per la millora de la igualtat, el respecte, la no discriminaci\u00f3 i l&#8217;empatia.<\/p>\n<p>Moltes felicitats Asier i Abril! Moltes felicitats als representats per la feina feta!<\/p>\n<p><a href=\"https:\/\/agora.xtec.cat\/ceipvistaalegre\/wp-content\/uploads\/usu1936\/2022\/06\/IMG_20220608_190333-1-scaled.jpg\"><br \/>\n<img loading=\"lazy\" decoding=\"async\" class=\"wp-image-7309 aligncenter\" src=\"https:\/\/agora.xtec.cat\/ceipvistaalegre\/wp-content\/uploads\/usu1936\/2022\/06\/IMG_20220608_190333-1-768x1024.jpg\" alt=\"\" width=\"315\" height=\"420\" srcset=\"https:\/\/agora.xtec.cat\/ceipvistaalegre\/wp-content\/uploads\/usu1936\/2022\/06\/IMG_20220608_190333-1-768x1024.jpg 768w, https:\/\/agora.xtec.cat\/ceipvistaalegre\/wp-content\/uploads\/usu1936\/2022\/06\/IMG_20220608_190333-1-225x300.jpg 225w, https:\/\/agora.xtec.cat\/ceipvistaalegre\/wp-content\/uploads\/usu1936\/2022\/06\/IMG_20220608_190333-1-1152x1536.jpg 1152w, https:\/\/agora.xtec.cat\/ceipvistaalegre\/wp-content\/uploads\/usu1936\/2022\/06\/IMG_20220608_190333-1-1536x2048.jpg 1536w, https:\/\/agora.xtec.cat\/ceipvistaalegre\/wp-content\/uploads\/usu1936\/2022\/06\/IMG_20220608_190333-1-scaled.jpg 1920w\" sizes=\"auto, (max-width: 315px) 100vw, 315px\" \/><\/a><\/p>\n","protected":false},"excerpt":{"rendered":"<p>Ahir va tenir lloc la cloenda del Consell d&#8217;Infants d&#8217;aquest curs. Els nostres representants de 5\u00e8 i 6\u00e8, l&#8217;Asier i l&#8217;Abril, han estat tot el curs treballant amb altres representants d&#8217;altres escoles.<br \/>\nAmb el tema &#8220;Discriminaci\u00f3 i desigualtats&#8221;, que es va votar al plenari de l&#8217;Ajuntament&hellip;  <a href=\"https:\/\/agora.xtec.cat\/ceipvistaalegre\/primaria\/5e\/cloenda-consell-dinfants-2021-22\/\" title=\"Read Cloenda Consell d&#8217;infants 2021\/22\">Llegeix m\u00e9s\u00bb<\/a><\/p>\n","protected":false},"author":3,"featured_media":0,"comment_status":"open","ping_status":"closed","sticky":false,"template":"","format":"standard","meta":{"_bbp_topic_count":0,"_bbp_reply_count":0,"_bbp_total_topic_count":0,"_bbp_total_reply_count":0,"_bbp_voice_count":0,"_bbp_anonymous_reply_count":0,"_bbp_topic_count_hidden":0,"_bbp_reply_count_hidden":0,"_bbp_forum_subforum_count":0,"footnotes":""},"categories":[14,15],"tags":[],"class_list":["post-7308","post","type-post","status-publish","format-standard","hentry","category-5e","category-6e"],"post_mailing_queue_ids":[],"_links":{"self":[{"href":"https:\/\/agora.xtec.cat\/ceipvistaalegre\/wp-json\/wp\/v2\/posts\/7308","targetHints":{"allow":["GET"]}}],"collection":[{"href":"https:\/\/agora.xtec.cat\/ceipvistaalegre\/wp-json\/wp\/v2\/posts"}],"about":[{"href":"https:\/\/agora.xtec.cat\/ceipvistaalegre\/wp-json\/wp\/v2\/types\/post"}],"author":[{"embeddable":true,"href":"https:\/\/agora.xtec.cat\/ceipvistaalegre\/wp-json\/wp\/v2\/users\/3"}],"replies":[{"embeddable":true,"href":"https:\/\/agora.xtec.cat\/ceipvistaalegre\/wp-json\/wp\/v2\/comments?post=7308"}],"version-history":[{"count":1,"href":"https:\/\/agora.xtec.cat\/ceipvistaalegre\/wp-json\/wp\/v2\/posts\/7308\/revisions"}],"predecessor-version":[{"id":7310,"href":"https:\/\/agora.xtec.cat\/ceipvistaalegre\/wp-json\/wp\/v2\/posts\/7308\/revisions\/7310"}],"wp:attachment":[{"href":"https:\/\/agora.xtec.cat\/ceipvistaalegre\/wp-json\/wp\/v2\/media?parent=7308"}],"wp:term":[{"taxonomy":"category","embeddable":true,"href":"https:\/\/agora.xtec.cat\/ceipvistaalegre\/wp-json\/wp\/v2\/categories?post=7308"},{"taxonomy":"post_tag","embeddable":true,"href":"https:\/\/agora.xtec.cat\/ceipvistaalegre\/wp-json\/wp\/v2\/tags?post=7308"}],"curies":[{"name":"wp","href":"https:\/\/api.w.org\/{rel}","templated":true}]}}