{"id":7293,"date":"2022-06-08T11:51:10","date_gmt":"2022-06-08T09:51:10","guid":{"rendered":"https:\/\/agora.xtec.cat\/ceipvistaalegre\/?p=7293"},"modified":"2022-06-08T19:13:11","modified_gmt":"2022-06-08T17:13:11","slug":"videoconferencia-amb-lahmed","status":"publish","type":"post","link":"https:\/\/agora.xtec.cat\/ceipvistaalegre\/primaria\/la-classe-dels-pirates\/videoconferencia-amb-lahmed\/","title":{"rendered":"Parlem amb un egipt\u00f2leg"},"content":{"rendered":"<p>Els nens i les nenes de la classe dels faraons i les faraones hem fet una videoconfer\u00e8ncia amb un egipt\u00f2leg des d\u2019Egipte. Hem pogut estar parlant amb ell durant una bona estona, fent-li preguntes de curiositats que ten\u00edem i escoltant tot all\u00f2 que ens ha estat explicant de l&#8217;Antic Egipte.<\/p>\n<p>Ha sigut una experi\u00e8ncia \u00fanica i ens ha fet molt\u00edssima il\u00b7lusi\u00f3 poder tenir aquesta oportunitat.<\/p>\n<p>Despr\u00e9s de parlar amb ell i poder viure tant d&#8217;aprop tot el m\u00f3n de l&#8217;Antic Egipte, podem dir que acabem el projecte de la classe dels faraons i les faraones de la millor manera possible!<\/p>\n<p><a href=\"https:\/\/agora.xtec.cat\/ceipvistaalegre\/wp-content\/uploads\/usu1936\/2022\/06\/EF028640-2AE3-4D4E-847B-F2BF5B64936D.jpeg\"><img loading=\"lazy\" decoding=\"async\" class=\"aligncenter size-full wp-image-7302\" src=\"https:\/\/agora.xtec.cat\/ceipvistaalegre\/wp-content\/uploads\/usu1936\/2022\/06\/EF028640-2AE3-4D4E-847B-F2BF5B64936D.jpeg\" alt=\"\" width=\"1280\" height=\"720\" srcset=\"https:\/\/agora.xtec.cat\/ceipvistaalegre\/wp-content\/uploads\/usu1936\/2022\/06\/EF028640-2AE3-4D4E-847B-F2BF5B64936D.jpeg 1280w, https:\/\/agora.xtec.cat\/ceipvistaalegre\/wp-content\/uploads\/usu1936\/2022\/06\/EF028640-2AE3-4D4E-847B-F2BF5B64936D-300x169.jpeg 300w, https:\/\/agora.xtec.cat\/ceipvistaalegre\/wp-content\/uploads\/usu1936\/2022\/06\/EF028640-2AE3-4D4E-847B-F2BF5B64936D-1024x576.jpeg 1024w, https:\/\/agora.xtec.cat\/ceipvistaalegre\/wp-content\/uploads\/usu1936\/2022\/06\/EF028640-2AE3-4D4E-847B-F2BF5B64936D-768x432.jpeg 768w\" sizes=\"auto, (max-width: 1280px) 100vw, 1280px\" \/><\/a><\/p>\n<p style=\"text-align: center\">\n","protected":false},"excerpt":{"rendered":"<p>Els nens i les nenes de la classe dels faraons i les faraones hem fet una videoconfer\u00e8ncia amb un egipt\u00f2leg des d\u2019Egipte. Hem pogut estar parlant amb ell durant una bona estona, fent-li preguntes de curiositats que ten\u00edem i escoltant tot all\u00f2 que ens ha&hellip;  <a href=\"https:\/\/agora.xtec.cat\/ceipvistaalegre\/primaria\/la-classe-dels-pirates\/videoconferencia-amb-lahmed\/\" title=\"Read Parlem amb un egipt\u00f2leg\">Llegeix m\u00e9s\u00bb<\/a><\/p>\n","protected":false},"author":22,"featured_media":0,"comment_status":"open","ping_status":"closed","sticky":false,"template":"","format":"standard","meta":{"_bbp_topic_count":0,"_bbp_reply_count":0,"_bbp_total_topic_count":0,"_bbp_total_reply_count":0,"_bbp_voice_count":0,"_bbp_anonymous_reply_count":0,"_bbp_topic_count_hidden":0,"_bbp_reply_count_hidden":0,"_bbp_forum_subforum_count":0,"footnotes":""},"categories":[12],"tags":[],"class_list":["post-7293","post","type-post","status-publish","format-standard","hentry","category-la-classe-dels-pirates"],"post_mailing_queue_ids":[],"_links":{"self":[{"href":"https:\/\/agora.xtec.cat\/ceipvistaalegre\/wp-json\/wp\/v2\/posts\/7293","targetHints":{"allow":["GET"]}}],"collection":[{"href":"https:\/\/agora.xtec.cat\/ceipvistaalegre\/wp-json\/wp\/v2\/posts"}],"about":[{"href":"https:\/\/agora.xtec.cat\/ceipvistaalegre\/wp-json\/wp\/v2\/types\/post"}],"author":[{"embeddable":true,"href":"https:\/\/agora.xtec.cat\/ceipvistaalegre\/wp-json\/wp\/v2\/users\/22"}],"replies":[{"embeddable":true,"href":"https:\/\/agora.xtec.cat\/ceipvistaalegre\/wp-json\/wp\/v2\/comments?post=7293"}],"version-history":[{"count":3,"href":"https:\/\/agora.xtec.cat\/ceipvistaalegre\/wp-json\/wp\/v2\/posts\/7293\/revisions"}],"predecessor-version":[{"id":7303,"href":"https:\/\/agora.xtec.cat\/ceipvistaalegre\/wp-json\/wp\/v2\/posts\/7293\/revisions\/7303"}],"wp:attachment":[{"href":"https:\/\/agora.xtec.cat\/ceipvistaalegre\/wp-json\/wp\/v2\/media?parent=7293"}],"wp:term":[{"taxonomy":"category","embeddable":true,"href":"https:\/\/agora.xtec.cat\/ceipvistaalegre\/wp-json\/wp\/v2\/categories?post=7293"},{"taxonomy":"post_tag","embeddable":true,"href":"https:\/\/agora.xtec.cat\/ceipvistaalegre\/wp-json\/wp\/v2\/tags?post=7293"}],"curies":[{"name":"wp","href":"https:\/\/api.w.org\/{rel}","templated":true}]}}