{"id":7246,"date":"2022-05-29T10:16:34","date_gmt":"2022-05-29T08:16:34","guid":{"rendered":"https:\/\/agora.xtec.cat\/ceipvistaalegre\/?p=7246"},"modified":"2022-05-29T10:17:19","modified_gmt":"2022-05-29T08:17:19","slug":"colonies-4t","status":"publish","type":"post","link":"https:\/\/agora.xtec.cat\/ceipvistaalegre\/primaria\/4t\/colonies-4t\/","title":{"rendered":"Col\u00f2nies 4t"},"content":{"rendered":"<p>Els nens i nenes de 4t hem anat de col\u00f2nies a can Rourell.<\/p>\n<p>Primer vam anar a Besal\u00fa, fent una visita al poble i vam apendre moltes coses de l&#8217;edat medieval i despr\u00e9s vam anar a la casa de col\u00f2nies.<\/p>\n<p>Els nens i nenes s\u2019ho han passat molt b\u00e9 !<\/p>\n<p><a href=\"https:\/\/agora.xtec.cat\/ceipvistaalegre\/wp-content\/uploads\/usu1936\/2022\/05\/2022-05-26_11-20-45_240-1-scaled.jpeg\"><img loading=\"lazy\" decoding=\"async\" class=\"alignnone wp-image-7249\" src=\"https:\/\/agora.xtec.cat\/ceipvistaalegre\/wp-content\/uploads\/usu1936\/2022\/05\/2022-05-26_11-20-45_240-1-576x1024.jpeg\" alt=\"\" width=\"339\" height=\"603\" srcset=\"https:\/\/agora.xtec.cat\/ceipvistaalegre\/wp-content\/uploads\/usu1936\/2022\/05\/2022-05-26_11-20-45_240-1-576x1024.jpeg 576w, https:\/\/agora.xtec.cat\/ceipvistaalegre\/wp-content\/uploads\/usu1936\/2022\/05\/2022-05-26_11-20-45_240-1-169x300.jpeg 169w, https:\/\/agora.xtec.cat\/ceipvistaalegre\/wp-content\/uploads\/usu1936\/2022\/05\/2022-05-26_11-20-45_240-1-768x1365.jpeg 768w, https:\/\/agora.xtec.cat\/ceipvistaalegre\/wp-content\/uploads\/usu1936\/2022\/05\/2022-05-26_11-20-45_240-1-865x1536.jpeg 865w, https:\/\/agora.xtec.cat\/ceipvistaalegre\/wp-content\/uploads\/usu1936\/2022\/05\/2022-05-26_11-20-45_240-1-1153x2048.jpeg 1153w, https:\/\/agora.xtec.cat\/ceipvistaalegre\/wp-content\/uploads\/usu1936\/2022\/05\/2022-05-26_11-20-45_240-1-scaled.jpeg 1441w\" sizes=\"auto, (max-width: 339px) 100vw, 339px\" \/><\/a> <a href=\"https:\/\/agora.xtec.cat\/ceipvistaalegre\/wp-content\/uploads\/usu1936\/2022\/05\/2022-05-26_20-50-38_742-1-scaled.jpeg\"><img loading=\"lazy\" decoding=\"async\" class=\"alignnone wp-image-7250\" src=\"https:\/\/agora.xtec.cat\/ceipvistaalegre\/wp-content\/uploads\/usu1936\/2022\/05\/2022-05-26_20-50-38_742-1-768x1024.jpeg\" alt=\"\" width=\"452\" height=\"602\" srcset=\"https:\/\/agora.xtec.cat\/ceipvistaalegre\/wp-content\/uploads\/usu1936\/2022\/05\/2022-05-26_20-50-38_742-1-768x1024.jpeg 768w, https:\/\/agora.xtec.cat\/ceipvistaalegre\/wp-content\/uploads\/usu1936\/2022\/05\/2022-05-26_20-50-38_742-1-225x300.jpeg 225w, https:\/\/agora.xtec.cat\/ceipvistaalegre\/wp-content\/uploads\/usu1936\/2022\/05\/2022-05-26_20-50-38_742-1-1152x1536.jpeg 1152w, https:\/\/agora.xtec.cat\/ceipvistaalegre\/wp-content\/uploads\/usu1936\/2022\/05\/2022-05-26_20-50-38_742-1-1536x2048.jpeg 1536w, https:\/\/agora.xtec.cat\/ceipvistaalegre\/wp-content\/uploads\/usu1936\/2022\/05\/2022-05-26_20-50-38_742-1-scaled.jpeg 1920w\" sizes=\"auto, (max-width: 452px) 100vw, 452px\" \/><\/a><\/p>\n<p>&nbsp;<\/p>\n","protected":false},"excerpt":{"rendered":"<p>Els nens i nenes de 4t hem anat de col\u00f2nies a can Rourell.<br \/>\nPrimer vam anar a Besal\u00fa, fent una visita al poble i vam apendre moltes coses de l&#8217;edat medieval i despr\u00e9s vam anar a la casa de col\u00f2nies.<br \/>\nEls nens i nenes s\u2019ho han passat&hellip;  <a href=\"https:\/\/agora.xtec.cat\/ceipvistaalegre\/primaria\/4t\/colonies-4t\/\" title=\"Read Col\u00f2nies 4t\">Llegeix m\u00e9s\u00bb<\/a><\/p>\n","protected":false},"author":1,"featured_media":0,"comment_status":"open","ping_status":"closed","sticky":false,"template":"","format":"standard","meta":{"_bbp_topic_count":0,"_bbp_reply_count":0,"_bbp_total_topic_count":0,"_bbp_total_reply_count":0,"_bbp_voice_count":0,"_bbp_anonymous_reply_count":0,"_bbp_topic_count_hidden":0,"_bbp_reply_count_hidden":0,"_bbp_forum_subforum_count":0,"footnotes":""},"categories":[13],"tags":[],"class_list":["post-7246","post","type-post","status-publish","format-standard","hentry","category-4t"],"post_mailing_queue_ids":[],"_links":{"self":[{"href":"https:\/\/agora.xtec.cat\/ceipvistaalegre\/wp-json\/wp\/v2\/posts\/7246","targetHints":{"allow":["GET"]}}],"collection":[{"href":"https:\/\/agora.xtec.cat\/ceipvistaalegre\/wp-json\/wp\/v2\/posts"}],"about":[{"href":"https:\/\/agora.xtec.cat\/ceipvistaalegre\/wp-json\/wp\/v2\/types\/post"}],"author":[{"embeddable":true,"href":"https:\/\/agora.xtec.cat\/ceipvistaalegre\/wp-json\/wp\/v2\/users\/1"}],"replies":[{"embeddable":true,"href":"https:\/\/agora.xtec.cat\/ceipvistaalegre\/wp-json\/wp\/v2\/comments?post=7246"}],"version-history":[{"count":2,"href":"https:\/\/agora.xtec.cat\/ceipvistaalegre\/wp-json\/wp\/v2\/posts\/7246\/revisions"}],"predecessor-version":[{"id":7252,"href":"https:\/\/agora.xtec.cat\/ceipvistaalegre\/wp-json\/wp\/v2\/posts\/7246\/revisions\/7252"}],"wp:attachment":[{"href":"https:\/\/agora.xtec.cat\/ceipvistaalegre\/wp-json\/wp\/v2\/media?parent=7246"}],"wp:term":[{"taxonomy":"category","embeddable":true,"href":"https:\/\/agora.xtec.cat\/ceipvistaalegre\/wp-json\/wp\/v2\/categories?post=7246"},{"taxonomy":"post_tag","embeddable":true,"href":"https:\/\/agora.xtec.cat\/ceipvistaalegre\/wp-json\/wp\/v2\/tags?post=7246"}],"curies":[{"name":"wp","href":"https:\/\/api.w.org\/{rel}","templated":true}]}}