{"id":7241,"date":"2022-05-28T12:15:52","date_gmt":"2022-05-28T10:15:52","guid":{"rendered":"https:\/\/agora.xtec.cat\/ceipvistaalegre\/?p=7241"},"modified":"2022-05-28T12:15:52","modified_gmt":"2022-05-28T10:15:52","slug":"colonies-de-5e","status":"publish","type":"post","link":"https:\/\/agora.xtec.cat\/ceipvistaalegre\/primaria\/5e\/colonies-de-5e\/","title":{"rendered":"Col\u00f2nies de 5\u00e8"},"content":{"rendered":"<p>Els nens i nenes de 5\u00e8 hem anat de col\u00f2nies a can Rourell. Primer vam anar a Besal\u00fa, all\u00e0 hem visitat el poble, molt tur\u00edstic gr\u00e0cies a la seva arquitectura medieval.<\/p>\n<p>Despr\u00e9s vam anar a la casa de col\u00f2nies per continuar fent activitats i a gaudir de la natura.<\/p>\n<p>Els alumnes s&#8217;ho han passat molt b\u00e9 i han fet activitats\u00a0 diferents de l&#8217;escola!.<\/p>\n<p><img loading=\"lazy\" decoding=\"async\" class=\"alignnone  wp-image-7242\" src=\"https:\/\/agora.xtec.cat\/ceipvistaalegre\/wp-content\/uploads\/usu1936\/2022\/05\/WhatsApp-Image-2022-05-28-at-12.06.47-PM-1024x768.jpeg\" alt=\"\" width=\"277\" height=\"208\" srcset=\"https:\/\/agora.xtec.cat\/ceipvistaalegre\/wp-content\/uploads\/usu1936\/2022\/05\/WhatsApp-Image-2022-05-28-at-12.06.47-PM-1024x768.jpeg 1024w, https:\/\/agora.xtec.cat\/ceipvistaalegre\/wp-content\/uploads\/usu1936\/2022\/05\/WhatsApp-Image-2022-05-28-at-12.06.47-PM-300x225.jpeg 300w, https:\/\/agora.xtec.cat\/ceipvistaalegre\/wp-content\/uploads\/usu1936\/2022\/05\/WhatsApp-Image-2022-05-28-at-12.06.47-PM-768x576.jpeg 768w, https:\/\/agora.xtec.cat\/ceipvistaalegre\/wp-content\/uploads\/usu1936\/2022\/05\/WhatsApp-Image-2022-05-28-at-12.06.47-PM-1536x1152.jpeg 1536w, https:\/\/agora.xtec.cat\/ceipvistaalegre\/wp-content\/uploads\/usu1936\/2022\/05\/WhatsApp-Image-2022-05-28-at-12.06.47-PM-200x150.jpeg 200w, https:\/\/agora.xtec.cat\/ceipvistaalegre\/wp-content\/uploads\/usu1936\/2022\/05\/WhatsApp-Image-2022-05-28-at-12.06.47-PM.jpeg 2048w\" sizes=\"auto, (max-width: 277px) 100vw, 277px\" \/><\/p>\n<p><img loading=\"lazy\" decoding=\"async\" class=\"alignnone  wp-image-7243\" src=\"https:\/\/agora.xtec.cat\/ceipvistaalegre\/wp-content\/uploads\/usu1936\/2022\/05\/WhatsApp-Image-2022-05-28-at-12.11.34-PM-1024x768.jpeg\" alt=\"\" width=\"281\" height=\"211\" srcset=\"https:\/\/agora.xtec.cat\/ceipvistaalegre\/wp-content\/uploads\/usu1936\/2022\/05\/WhatsApp-Image-2022-05-28-at-12.11.34-PM-1024x768.jpeg 1024w, https:\/\/agora.xtec.cat\/ceipvistaalegre\/wp-content\/uploads\/usu1936\/2022\/05\/WhatsApp-Image-2022-05-28-at-12.11.34-PM-300x225.jpeg 300w, https:\/\/agora.xtec.cat\/ceipvistaalegre\/wp-content\/uploads\/usu1936\/2022\/05\/WhatsApp-Image-2022-05-28-at-12.11.34-PM-768x576.jpeg 768w, https:\/\/agora.xtec.cat\/ceipvistaalegre\/wp-content\/uploads\/usu1936\/2022\/05\/WhatsApp-Image-2022-05-28-at-12.11.34-PM-1536x1152.jpeg 1536w, https:\/\/agora.xtec.cat\/ceipvistaalegre\/wp-content\/uploads\/usu1936\/2022\/05\/WhatsApp-Image-2022-05-28-at-12.11.34-PM-200x150.jpeg 200w, https:\/\/agora.xtec.cat\/ceipvistaalegre\/wp-content\/uploads\/usu1936\/2022\/05\/WhatsApp-Image-2022-05-28-at-12.11.34-PM.jpeg 2048w\" sizes=\"auto, (max-width: 281px) 100vw, 281px\" \/><\/p>\n<p><a href=\"https:\/\/agora.xtec.cat\/ceipvistaalegre\/wp-content\/uploads\/usu1936\/2022\/05\/WhatsApp-Image-2022-05-28-at-12.13.40-PM.jpeg\"><img loading=\"lazy\" decoding=\"async\" class=\"alignnone  wp-image-7244\" src=\"https:\/\/agora.xtec.cat\/ceipvistaalegre\/wp-content\/uploads\/usu1936\/2022\/05\/WhatsApp-Image-2022-05-28-at-12.13.40-PM-1024x768.jpeg\" alt=\"\" width=\"287\" height=\"215\" srcset=\"https:\/\/agora.xtec.cat\/ceipvistaalegre\/wp-content\/uploads\/usu1936\/2022\/05\/WhatsApp-Image-2022-05-28-at-12.13.40-PM-1024x768.jpeg 1024w, https:\/\/agora.xtec.cat\/ceipvistaalegre\/wp-content\/uploads\/usu1936\/2022\/05\/WhatsApp-Image-2022-05-28-at-12.13.40-PM-300x225.jpeg 300w, https:\/\/agora.xtec.cat\/ceipvistaalegre\/wp-content\/uploads\/usu1936\/2022\/05\/WhatsApp-Image-2022-05-28-at-12.13.40-PM-768x576.jpeg 768w, https:\/\/agora.xtec.cat\/ceipvistaalegre\/wp-content\/uploads\/usu1936\/2022\/05\/WhatsApp-Image-2022-05-28-at-12.13.40-PM-1536x1152.jpeg 1536w, https:\/\/agora.xtec.cat\/ceipvistaalegre\/wp-content\/uploads\/usu1936\/2022\/05\/WhatsApp-Image-2022-05-28-at-12.13.40-PM-200x150.jpeg 200w, https:\/\/agora.xtec.cat\/ceipvistaalegre\/wp-content\/uploads\/usu1936\/2022\/05\/WhatsApp-Image-2022-05-28-at-12.13.40-PM.jpeg 2048w\" sizes=\"auto, (max-width: 287px) 100vw, 287px\" \/><\/a><\/p>\n","protected":false},"excerpt":{"rendered":"<p>Els nens i nenes de 5\u00e8 hem anat de col\u00f2nies a can Rourell. Primer vam anar a Besal\u00fa, all\u00e0 hem visitat el poble, molt tur\u00edstic gr\u00e0cies a la seva arquitectura medieval.<br \/>\nDespr\u00e9s vam anar a la casa de col\u00f2nies per continuar fent activitats i a gaudir&hellip;  <a href=\"https:\/\/agora.xtec.cat\/ceipvistaalegre\/primaria\/5e\/colonies-de-5e\/\" title=\"Read Col\u00f2nies de 5\u00e8\">Llegeix m\u00e9s\u00bb<\/a><\/p>\n","protected":false},"author":18,"featured_media":0,"comment_status":"open","ping_status":"closed","sticky":false,"template":"","format":"standard","meta":{"_bbp_topic_count":0,"_bbp_reply_count":0,"_bbp_total_topic_count":0,"_bbp_total_reply_count":0,"_bbp_voice_count":0,"_bbp_anonymous_reply_count":0,"_bbp_topic_count_hidden":0,"_bbp_reply_count_hidden":0,"_bbp_forum_subforum_count":0,"footnotes":""},"categories":[14],"tags":[],"class_list":["post-7241","post","type-post","status-publish","format-standard","hentry","category-5e"],"post_mailing_queue_ids":[],"_links":{"self":[{"href":"https:\/\/agora.xtec.cat\/ceipvistaalegre\/wp-json\/wp\/v2\/posts\/7241","targetHints":{"allow":["GET"]}}],"collection":[{"href":"https:\/\/agora.xtec.cat\/ceipvistaalegre\/wp-json\/wp\/v2\/posts"}],"about":[{"href":"https:\/\/agora.xtec.cat\/ceipvistaalegre\/wp-json\/wp\/v2\/types\/post"}],"author":[{"embeddable":true,"href":"https:\/\/agora.xtec.cat\/ceipvistaalegre\/wp-json\/wp\/v2\/users\/18"}],"replies":[{"embeddable":true,"href":"https:\/\/agora.xtec.cat\/ceipvistaalegre\/wp-json\/wp\/v2\/comments?post=7241"}],"version-history":[{"count":1,"href":"https:\/\/agora.xtec.cat\/ceipvistaalegre\/wp-json\/wp\/v2\/posts\/7241\/revisions"}],"predecessor-version":[{"id":7245,"href":"https:\/\/agora.xtec.cat\/ceipvistaalegre\/wp-json\/wp\/v2\/posts\/7241\/revisions\/7245"}],"wp:attachment":[{"href":"https:\/\/agora.xtec.cat\/ceipvistaalegre\/wp-json\/wp\/v2\/media?parent=7241"}],"wp:term":[{"taxonomy":"category","embeddable":true,"href":"https:\/\/agora.xtec.cat\/ceipvistaalegre\/wp-json\/wp\/v2\/categories?post=7241"},{"taxonomy":"post_tag","embeddable":true,"href":"https:\/\/agora.xtec.cat\/ceipvistaalegre\/wp-json\/wp\/v2\/tags?post=7241"}],"curies":[{"name":"wp","href":"https:\/\/api.w.org\/{rel}","templated":true}]}}