{"id":7232,"date":"2022-05-27T17:44:12","date_gmt":"2022-05-27T15:44:12","guid":{"rendered":"https:\/\/agora.xtec.cat\/ceipvistaalegre\/?p=7232"},"modified":"2022-05-27T17:44:12","modified_gmt":"2022-05-27T15:44:12","slug":"que-ha-significat-per-a-nosaltres-lescola","status":"publish","type":"post","link":"https:\/\/agora.xtec.cat\/ceipvistaalegre\/primaria\/6e\/que-ha-significat-per-a-nosaltres-lescola\/","title":{"rendered":"Qu\u00e8 ha significat per a nosaltres l&#8217;escola?"},"content":{"rendered":"<p>A pocs dies per acabar aquest curs, els nens i nenes de 6\u00e8 estem parlant molt de la nova etapa que l&#8217;any que ve comen\u00e7arem als instituts. Per\u00f2 tamb\u00e9 estem reflexionant sobre qu\u00e8 ha significat per a nosaltres aquests 9 anys a l&#8217;escola.<\/p>\n<p>Per aix\u00f2 hem fet aquest n\u00favol de paraules entre tots i totes ple de paraules amb significat, sentiment i molts records.<a href=\"https:\/\/agora.xtec.cat\/ceipvistaalegre\/wp-content\/uploads\/usu1936\/2022\/05\/Nuvol-de-paraules-1.jpg\"><br \/>\n<\/a><img loading=\"lazy\" decoding=\"async\" class=\"wp-image-7234 aligncenter\" src=\"https:\/\/agora.xtec.cat\/ceipvistaalegre\/wp-content\/uploads\/usu1936\/2022\/05\/Nuvol-de-paraules-1.jpg\" alt=\"\" width=\"595\" height=\"392\" srcset=\"https:\/\/agora.xtec.cat\/ceipvistaalegre\/wp-content\/uploads\/usu1936\/2022\/05\/Nuvol-de-paraules-1.jpg 1024w, https:\/\/agora.xtec.cat\/ceipvistaalegre\/wp-content\/uploads\/usu1936\/2022\/05\/Nuvol-de-paraules-1-300x198.jpg 300w, https:\/\/agora.xtec.cat\/ceipvistaalegre\/wp-content\/uploads\/usu1936\/2022\/05\/Nuvol-de-paraules-1-768x506.jpg 768w\" sizes=\"auto, (max-width: 595px) 100vw, 595px\" \/><\/p>\n","protected":false},"excerpt":{"rendered":"<p>A pocs dies per acabar aquest curs, els nens i nenes de 6\u00e8 estem parlant molt de la nova etapa que l&#8217;any que ve comen\u00e7arem als instituts. Per\u00f2 tamb\u00e9 estem reflexionant sobre qu\u00e8 ha significat per a nosaltres aquests 9 anys a l&#8217;escola.<br \/>\nPer aix\u00f2 hem&hellip;  <a href=\"https:\/\/agora.xtec.cat\/ceipvistaalegre\/primaria\/6e\/que-ha-significat-per-a-nosaltres-lescola\/\" title=\"Read Qu\u00e8 ha significat per a nosaltres l&#8217;escola?\">Llegeix m\u00e9s\u00bb<\/a><\/p>\n","protected":false},"author":3,"featured_media":0,"comment_status":"open","ping_status":"closed","sticky":false,"template":"","format":"standard","meta":{"_bbp_topic_count":0,"_bbp_reply_count":0,"_bbp_total_topic_count":0,"_bbp_total_reply_count":0,"_bbp_voice_count":0,"_bbp_anonymous_reply_count":0,"_bbp_topic_count_hidden":0,"_bbp_reply_count_hidden":0,"_bbp_forum_subforum_count":0,"footnotes":""},"categories":[15],"tags":[],"class_list":["post-7232","post","type-post","status-publish","format-standard","hentry","category-6e"],"post_mailing_queue_ids":[],"_links":{"self":[{"href":"https:\/\/agora.xtec.cat\/ceipvistaalegre\/wp-json\/wp\/v2\/posts\/7232","targetHints":{"allow":["GET"]}}],"collection":[{"href":"https:\/\/agora.xtec.cat\/ceipvistaalegre\/wp-json\/wp\/v2\/posts"}],"about":[{"href":"https:\/\/agora.xtec.cat\/ceipvistaalegre\/wp-json\/wp\/v2\/types\/post"}],"author":[{"embeddable":true,"href":"https:\/\/agora.xtec.cat\/ceipvistaalegre\/wp-json\/wp\/v2\/users\/3"}],"replies":[{"embeddable":true,"href":"https:\/\/agora.xtec.cat\/ceipvistaalegre\/wp-json\/wp\/v2\/comments?post=7232"}],"version-history":[{"count":1,"href":"https:\/\/agora.xtec.cat\/ceipvistaalegre\/wp-json\/wp\/v2\/posts\/7232\/revisions"}],"predecessor-version":[{"id":7235,"href":"https:\/\/agora.xtec.cat\/ceipvistaalegre\/wp-json\/wp\/v2\/posts\/7232\/revisions\/7235"}],"wp:attachment":[{"href":"https:\/\/agora.xtec.cat\/ceipvistaalegre\/wp-json\/wp\/v2\/media?parent=7232"}],"wp:term":[{"taxonomy":"category","embeddable":true,"href":"https:\/\/agora.xtec.cat\/ceipvistaalegre\/wp-json\/wp\/v2\/categories?post=7232"},{"taxonomy":"post_tag","embeddable":true,"href":"https:\/\/agora.xtec.cat\/ceipvistaalegre\/wp-json\/wp\/v2\/tags?post=7232"}],"curies":[{"name":"wp","href":"https:\/\/api.w.org\/{rel}","templated":true}]}}