{"id":7177,"date":"2022-05-16T10:05:18","date_gmt":"2022-05-16T08:05:18","guid":{"rendered":"https:\/\/agora.xtec.cat\/ceipvistaalegre\/?p=7177"},"modified":"2022-05-16T10:05:18","modified_gmt":"2022-05-16T08:05:18","slug":"ajuts-individuals-de-menjador-22-23","status":"publish","type":"post","link":"https:\/\/agora.xtec.cat\/ceipvistaalegre\/portada\/ajuts-individuals-de-menjador-22-23\/","title":{"rendered":"Ajuts individuals de menjador 22\/23"},"content":{"rendered":"<p><a href=\"https:\/\/agora.xtec.cat\/ceipvistaalegre\/wp-content\/uploads\/usu1936\/2022\/05\/Ajuts-individuals.jpg\"><img loading=\"lazy\" decoding=\"async\" class=\" wp-image-7178 aligncenter\" src=\"https:\/\/agora.xtec.cat\/ceipvistaalegre\/wp-content\/uploads\/usu1936\/2022\/05\/Ajuts-individuals-1024x1024.jpg\" alt=\"\" width=\"475\" height=\"475\" srcset=\"https:\/\/agora.xtec.cat\/ceipvistaalegre\/wp-content\/uploads\/usu1936\/2022\/05\/Ajuts-individuals-1024x1024.jpg 1024w, https:\/\/agora.xtec.cat\/ceipvistaalegre\/wp-content\/uploads\/usu1936\/2022\/05\/Ajuts-individuals-300x300.jpg 300w, https:\/\/agora.xtec.cat\/ceipvistaalegre\/wp-content\/uploads\/usu1936\/2022\/05\/Ajuts-individuals-150x150.jpg 150w, https:\/\/agora.xtec.cat\/ceipvistaalegre\/wp-content\/uploads\/usu1936\/2022\/05\/Ajuts-individuals-768x768.jpg 768w, https:\/\/agora.xtec.cat\/ceipvistaalegre\/wp-content\/uploads\/usu1936\/2022\/05\/Ajuts-individuals.jpg 1080w\" sizes=\"auto, (max-width: 475px) 100vw, 475px\" \/><\/a><\/p>\n<p><strong>INSTRUCCIONS<\/strong><\/p>\n<p>a) <em>FAM\u00cdLIES QUE VAN PRESENTAR LA SOL\u00b7LICITUD D\u2019AJUT DE MENJADOR EL CURS 21\/22<\/em><br \/>\nDurant la setmana del 16 de maig de 2022, les fam\u00edlies que van presentar la sol\u00b7licitud d\u2019ajut de menjador escolar pel curs 21\/22 rebran un missatge SMS.<br \/>\nSi no hi han canviat la seva situaci\u00f3 respecte el curs anterior (sense canvis en separaci\u00f3 o cust\u00f2dia de menors) aquest missatge SMS els permetr\u00e0 confirmar per internet la seva petici\u00f3 d\u2019ajut per al curs 22\/23.<\/p>\n<p><em>b) FAM\u00cdLIES QUE NO VAN PRESENTAR LA SOL\u00b7LICITUD EL CURS PASSAT.<\/em><br \/>\n<em>FAM\u00cdLIES QUE HAN CANVIAT LA SEVA SITUACI\u00d3 AMB RELACI\u00d3 A LA <\/em><em>CUST\u00d2DIA DE MENORS O SEPARACIONS RESPECTE DE LA QUE TENIEN EL CURS <\/em><em>21\/22.<\/em><br \/>\nEn aquests casos CAL FER UNA NOVA SOL\u00b7LICITUD (nom\u00e9s una per fam\u00edlia)<br \/>\n&#8211; ON LINE: del 16 de maig al 3 de juny de 2022, a trav\u00e9s de la seu electr\u00f2nica de l\u2019Ajuntament de Matar\u00f3<br \/>\n&#8211; PRESENCIALMENT: del 23 de maig al 3 de juny de 2022, A<strong>MB CITA PR\u00c8VIA OBLIGAT\u00d2RIA<\/strong> a les oficines d\u2019atenci\u00f3 i assist\u00e8ncia a la ciutadania de Rocafonda, Cerdanyola o Pla d\u2019en Boet.<br \/>\n\u25cf La cita pr\u00e8via es podr\u00e0 concertar a partir del 18 de maig de 2022 per internet o trucant al 010.<br \/>\n\u25cf Les sol\u00b7licituds en paper estaran disponibles a partir del 18 de maig de 2022.<\/p>\n","protected":false},"excerpt":{"rendered":"<p><a href=\"https:\/\/agora.xtec.cat\/ceipvistaalegre\/wp-content\/uploads\/usu1936\/2022\/05\/Ajuts-individuals.jpg\"><\/a><br \/>\nINSTRUCCIONS<br \/>\na) FAM\u00cdLIES QUE VAN PRESENTAR LA SOL\u00b7LICITUD D\u2019AJUT DE MENJADOR EL CURS 21\/22<br \/>\nDurant la setmana del 16 de maig de 2022, les fam\u00edlies que van presentar la sol\u00b7licitud d\u2019ajut de menjador escolar pel curs 21\/22 rebran un missatge SMS.<br \/>\nSi no hi han canviat la&hellip;  <a href=\"https:\/\/agora.xtec.cat\/ceipvistaalegre\/portada\/ajuts-individuals-de-menjador-22-23\/\" title=\"Read Ajuts individuals de menjador 22\/23\">Llegeix m\u00e9s\u00bb<\/a><\/p>\n","protected":false},"author":3,"featured_media":0,"comment_status":"open","ping_status":"closed","sticky":false,"template":"","format":"standard","meta":{"_bbp_topic_count":0,"_bbp_reply_count":0,"_bbp_total_topic_count":0,"_bbp_total_reply_count":0,"_bbp_voice_count":0,"_bbp_anonymous_reply_count":0,"_bbp_topic_count_hidden":0,"_bbp_reply_count_hidden":0,"_bbp_forum_subforum_count":0,"footnotes":""},"categories":[4],"tags":[],"class_list":["post-7177","post","type-post","status-publish","format-standard","hentry","category-portada"],"post_mailing_queue_ids":[],"_links":{"self":[{"href":"https:\/\/agora.xtec.cat\/ceipvistaalegre\/wp-json\/wp\/v2\/posts\/7177","targetHints":{"allow":["GET"]}}],"collection":[{"href":"https:\/\/agora.xtec.cat\/ceipvistaalegre\/wp-json\/wp\/v2\/posts"}],"about":[{"href":"https:\/\/agora.xtec.cat\/ceipvistaalegre\/wp-json\/wp\/v2\/types\/post"}],"author":[{"embeddable":true,"href":"https:\/\/agora.xtec.cat\/ceipvistaalegre\/wp-json\/wp\/v2\/users\/3"}],"replies":[{"embeddable":true,"href":"https:\/\/agora.xtec.cat\/ceipvistaalegre\/wp-json\/wp\/v2\/comments?post=7177"}],"version-history":[{"count":1,"href":"https:\/\/agora.xtec.cat\/ceipvistaalegre\/wp-json\/wp\/v2\/posts\/7177\/revisions"}],"predecessor-version":[{"id":7179,"href":"https:\/\/agora.xtec.cat\/ceipvistaalegre\/wp-json\/wp\/v2\/posts\/7177\/revisions\/7179"}],"wp:attachment":[{"href":"https:\/\/agora.xtec.cat\/ceipvistaalegre\/wp-json\/wp\/v2\/media?parent=7177"}],"wp:term":[{"taxonomy":"category","embeddable":true,"href":"https:\/\/agora.xtec.cat\/ceipvistaalegre\/wp-json\/wp\/v2\/categories?post=7177"},{"taxonomy":"post_tag","embeddable":true,"href":"https:\/\/agora.xtec.cat\/ceipvistaalegre\/wp-json\/wp\/v2\/tags?post=7177"}],"curies":[{"name":"wp","href":"https:\/\/api.w.org\/{rel}","templated":true}]}}