{"id":7144,"date":"2022-05-10T22:57:09","date_gmt":"2022-05-10T20:57:09","guid":{"rendered":"https:\/\/agora.xtec.cat\/ceipvistaalegre\/?p=7144"},"modified":"2022-05-10T22:57:09","modified_gmt":"2022-05-10T20:57:09","slug":"art-floral","status":"publish","type":"post","link":"https:\/\/agora.xtec.cat\/ceipvistaalegre\/primaria\/5e\/art-floral\/","title":{"rendered":"ART FLORAL"},"content":{"rendered":"<p>Aprofitant el temps de la primavera, els nens i nenes de cinqu\u00e8, des de l&#8217;\u00e0rea de pl\u00e0stica, han realitzat aquests treballs de decoraci\u00f3 floral.<\/p>\n<p>Amb les nostres obres d&#8217;art, hem volgut fer una exposici\u00f3 i ambientar un dels espais de l&#8217;escola.<\/p>\n<p><img loading=\"lazy\" decoding=\"async\" class=\"alignnone  wp-image-7145\" src=\"https:\/\/agora.xtec.cat\/ceipvistaalegre\/wp-content\/uploads\/usu1936\/2022\/05\/WhatsApp-Image-2022-05-10-at-10.46.43-PM-1024x768.jpeg\" alt=\"\" width=\"329\" height=\"247\" srcset=\"https:\/\/agora.xtec.cat\/ceipvistaalegre\/wp-content\/uploads\/usu1936\/2022\/05\/WhatsApp-Image-2022-05-10-at-10.46.43-PM-1024x768.jpeg 1024w, https:\/\/agora.xtec.cat\/ceipvistaalegre\/wp-content\/uploads\/usu1936\/2022\/05\/WhatsApp-Image-2022-05-10-at-10.46.43-PM-300x225.jpeg 300w, https:\/\/agora.xtec.cat\/ceipvistaalegre\/wp-content\/uploads\/usu1936\/2022\/05\/WhatsApp-Image-2022-05-10-at-10.46.43-PM-768x576.jpeg 768w, https:\/\/agora.xtec.cat\/ceipvistaalegre\/wp-content\/uploads\/usu1936\/2022\/05\/WhatsApp-Image-2022-05-10-at-10.46.43-PM-1536x1152.jpeg 1536w, https:\/\/agora.xtec.cat\/ceipvistaalegre\/wp-content\/uploads\/usu1936\/2022\/05\/WhatsApp-Image-2022-05-10-at-10.46.43-PM-200x150.jpeg 200w, https:\/\/agora.xtec.cat\/ceipvistaalegre\/wp-content\/uploads\/usu1936\/2022\/05\/WhatsApp-Image-2022-05-10-at-10.46.43-PM.jpeg 2048w\" sizes=\"auto, (max-width: 329px) 100vw, 329px\" \/> <a href=\"https:\/\/agora.xtec.cat\/ceipvistaalegre\/wp-content\/uploads\/usu1936\/2022\/05\/WhatsApp-Image-2022-05-10-at-10.32.43-PM.jpeg\"><img loading=\"lazy\" decoding=\"async\" class=\"alignnone  wp-image-7146\" src=\"https:\/\/agora.xtec.cat\/ceipvistaalegre\/wp-content\/uploads\/usu1936\/2022\/05\/WhatsApp-Image-2022-05-10-at-10.32.43-PM-1024x768.jpeg\" alt=\"\" width=\"327\" height=\"245\" srcset=\"https:\/\/agora.xtec.cat\/ceipvistaalegre\/wp-content\/uploads\/usu1936\/2022\/05\/WhatsApp-Image-2022-05-10-at-10.32.43-PM-1024x768.jpeg 1024w, https:\/\/agora.xtec.cat\/ceipvistaalegre\/wp-content\/uploads\/usu1936\/2022\/05\/WhatsApp-Image-2022-05-10-at-10.32.43-PM-300x225.jpeg 300w, https:\/\/agora.xtec.cat\/ceipvistaalegre\/wp-content\/uploads\/usu1936\/2022\/05\/WhatsApp-Image-2022-05-10-at-10.32.43-PM-768x576.jpeg 768w, https:\/\/agora.xtec.cat\/ceipvistaalegre\/wp-content\/uploads\/usu1936\/2022\/05\/WhatsApp-Image-2022-05-10-at-10.32.43-PM-1536x1152.jpeg 1536w, https:\/\/agora.xtec.cat\/ceipvistaalegre\/wp-content\/uploads\/usu1936\/2022\/05\/WhatsApp-Image-2022-05-10-at-10.32.43-PM-200x150.jpeg 200w, https:\/\/agora.xtec.cat\/ceipvistaalegre\/wp-content\/uploads\/usu1936\/2022\/05\/WhatsApp-Image-2022-05-10-at-10.32.43-PM.jpeg 2048w\" sizes=\"auto, (max-width: 327px) 100vw, 327px\" \/><\/a><\/p>\n","protected":false},"excerpt":{"rendered":"<p>Aprofitant el temps de la primavera, els nens i nenes de cinqu\u00e8, des de l&#8217;\u00e0rea de pl\u00e0stica, han realitzat aquests treballs de decoraci\u00f3 floral.<br \/>\nAmb les nostres obres d&#8217;art, hem volgut fer una exposici\u00f3 i ambientar un dels espais de l&#8217;escola.<br \/>\n <a href=\"https:\/\/agora.xtec.cat\/ceipvistaalegre\/wp-content\/uploads\/usu1936\/2022\/05\/WhatsApp-Image-2022-05-10-at-10.32.43-PM.jpeg\"><\/a><\/p>\n","protected":false},"author":18,"featured_media":0,"comment_status":"open","ping_status":"closed","sticky":false,"template":"","format":"standard","meta":{"_bbp_topic_count":0,"_bbp_reply_count":0,"_bbp_total_topic_count":0,"_bbp_total_reply_count":0,"_bbp_voice_count":0,"_bbp_anonymous_reply_count":0,"_bbp_topic_count_hidden":0,"_bbp_reply_count_hidden":0,"_bbp_forum_subforum_count":0,"footnotes":""},"categories":[14],"tags":[],"class_list":["post-7144","post","type-post","status-publish","format-standard","hentry","category-5e"],"post_mailing_queue_ids":[],"_links":{"self":[{"href":"https:\/\/agora.xtec.cat\/ceipvistaalegre\/wp-json\/wp\/v2\/posts\/7144","targetHints":{"allow":["GET"]}}],"collection":[{"href":"https:\/\/agora.xtec.cat\/ceipvistaalegre\/wp-json\/wp\/v2\/posts"}],"about":[{"href":"https:\/\/agora.xtec.cat\/ceipvistaalegre\/wp-json\/wp\/v2\/types\/post"}],"author":[{"embeddable":true,"href":"https:\/\/agora.xtec.cat\/ceipvistaalegre\/wp-json\/wp\/v2\/users\/18"}],"replies":[{"embeddable":true,"href":"https:\/\/agora.xtec.cat\/ceipvistaalegre\/wp-json\/wp\/v2\/comments?post=7144"}],"version-history":[{"count":1,"href":"https:\/\/agora.xtec.cat\/ceipvistaalegre\/wp-json\/wp\/v2\/posts\/7144\/revisions"}],"predecessor-version":[{"id":7147,"href":"https:\/\/agora.xtec.cat\/ceipvistaalegre\/wp-json\/wp\/v2\/posts\/7144\/revisions\/7147"}],"wp:attachment":[{"href":"https:\/\/agora.xtec.cat\/ceipvistaalegre\/wp-json\/wp\/v2\/media?parent=7144"}],"wp:term":[{"taxonomy":"category","embeddable":true,"href":"https:\/\/agora.xtec.cat\/ceipvistaalegre\/wp-json\/wp\/v2\/categories?post=7144"},{"taxonomy":"post_tag","embeddable":true,"href":"https:\/\/agora.xtec.cat\/ceipvistaalegre\/wp-json\/wp\/v2\/tags?post=7144"}],"curies":[{"name":"wp","href":"https:\/\/api.w.org\/{rel}","templated":true}]}}