{"id":7085,"date":"2022-05-04T18:29:13","date_gmt":"2022-05-04T16:29:13","guid":{"rendered":"https:\/\/agora.xtec.cat\/ceipvistaalegre\/?p=7085"},"modified":"2022-05-04T18:41:40","modified_gmt":"2022-05-04T16:41:40","slug":"projecte-abelles-sortida-a-can-parcala","status":"publish","type":"post","link":"https:\/\/agora.xtec.cat\/ceipvistaalegre\/infantil\/infantil-5-anys\/projecte-abelles-sortida-a-can-parcala\/","title":{"rendered":"Projecte abelles: sortida a Can Parcala."},"content":{"rendered":"<p><a href=\"https:\/\/agora.xtec.cat\/ceipvistaalegre\/infantil\/p5\/projecte-abelles-sortida-a-can-parcala\/attachment\/img_20220504_130601_2\/\" rel=\"attachment wp-att-7086\"><img loading=\"lazy\" decoding=\"async\" class=\"aligncenter wp-image-7086 size-full\" src=\"https:\/\/agora.xtec.cat\/ceipvistaalegre\/wp-content\/uploads\/usu1936\/2022\/05\/IMG_20220504_130601_2-scaled.jpg\" alt=\"\" width=\"2560\" height=\"1440\" srcset=\"https:\/\/agora.xtec.cat\/ceipvistaalegre\/wp-content\/uploads\/usu1936\/2022\/05\/IMG_20220504_130601_2-scaled.jpg 2560w, https:\/\/agora.xtec.cat\/ceipvistaalegre\/wp-content\/uploads\/usu1936\/2022\/05\/IMG_20220504_130601_2-300x169.jpg 300w, https:\/\/agora.xtec.cat\/ceipvistaalegre\/wp-content\/uploads\/usu1936\/2022\/05\/IMG_20220504_130601_2-1024x576.jpg 1024w, https:\/\/agora.xtec.cat\/ceipvistaalegre\/wp-content\/uploads\/usu1936\/2022\/05\/IMG_20220504_130601_2-768x432.jpg 768w, https:\/\/agora.xtec.cat\/ceipvistaalegre\/wp-content\/uploads\/usu1936\/2022\/05\/IMG_20220504_130601_2-1536x864.jpg 1536w, https:\/\/agora.xtec.cat\/ceipvistaalegre\/wp-content\/uploads\/usu1936\/2022\/05\/IMG_20220504_130601_2-2048x1152.jpg 2048w\" sizes=\"auto, (max-width: 2560px) 100vw, 2560px\" \/><\/a><\/p>\n<p>Les nenes i els nens de P5, per finalitzar el nostre projecte de les Abelles, hem anat a Can Parcala. \u00c9s una finca on tenen abelles, les cuiden i fan mel.<\/p>\n<p>Al llarg del dia hem fet diversos tallers per saber m\u00e9s coses sobre les abelles.<\/p>\n<p>A trav\u00e9s d&#8217;uns titelles hem diferenciat la vespa de l&#8217;abella negra catalana.\u00a0Despr\u00e9s hem fet una escenificaci\u00f3 del que \u00e9s la pol\u00b7linitzaci\u00f3 i la import\u00e0ncia que t\u00e9 per a la vida dels \u00e9ssers vius.<\/p>\n<p>Ens hem posat un barret amb protecci\u00f3 com els abellaires. Hem vist tots els estris que fa servir un\/a abellaire per cuidar les abelles: el bufador que crema pinassa i fa que les abelles es pensin que al seu rusc hi ha foc i totes corren a fabricar mel.<\/p>\n<p>Hem pogut observar un rusc amb tot d&#8217;abelles: les cel\u00b7les reials, les cel\u00b7les de les obreres, les cel\u00b7les on guarden la mel i d&#8217;altres plenes de pol\u00b7len, l&#8217;abellot voltant pel rusc, el brunzir que fan les abelles dins el rusc&#8230;<\/p>\n<p>Hem tastat diferents tipus de mel: d&#8217;ametller, de mil flors i de bruc.\u00a0Despr\u00e9s de dinar i de jugar una estona\u00a0 envoltats de camps ple de flors hem elaborat una espelma amb cera d&#8217;abella.<\/p>\n<p>Hem gaudit molt, hem apr\u00e8s moltes coses de les abelles i de les persones que formen part de Can Parcala i la Fundaci\u00f3 Maresme. Ens han donat el Carnet Oficial d&#8217;Abellaires.<\/p>\n","protected":false},"excerpt":{"rendered":"<p><a href=\"https:\/\/agora.xtec.cat\/ceipvistaalegre\/infantil\/p5\/projecte-abelles-sortida-a-can-parcala\/attachment\/img_20220504_130601_2\/\" rel=\"attachment wp-att-7086\"><\/a><br \/>\nLes nenes i els nens de P5, per finalitzar el nostre projecte de les Abelles, hem anat a Can Parcala. \u00c9s una finca on tenen abelles, les cuiden i fan mel.<br \/>\nAl llarg del dia hem fet diversos tallers per saber m\u00e9s coses&hellip;  <a href=\"https:\/\/agora.xtec.cat\/ceipvistaalegre\/infantil\/infantil-5-anys\/projecte-abelles-sortida-a-can-parcala\/\" title=\"Read Projecte abelles: sortida a Can Parcala.\">Llegeix m\u00e9s\u00bb<\/a><\/p>\n","protected":false},"author":4,"featured_media":0,"comment_status":"open","ping_status":"closed","sticky":false,"template":"","format":"standard","meta":{"_bbp_topic_count":0,"_bbp_reply_count":0,"_bbp_total_topic_count":0,"_bbp_total_reply_count":0,"_bbp_voice_count":0,"_bbp_anonymous_reply_count":0,"_bbp_topic_count_hidden":0,"_bbp_reply_count_hidden":0,"_bbp_forum_subforum_count":0,"footnotes":""},"categories":[225],"tags":[227,16],"class_list":["post-7085","post","type-post","status-publish","format-standard","hentry","category-infantil-5-anys","tag-projecte-abelles","tag-sortides"],"post_mailing_queue_ids":[],"_links":{"self":[{"href":"https:\/\/agora.xtec.cat\/ceipvistaalegre\/wp-json\/wp\/v2\/posts\/7085","targetHints":{"allow":["GET"]}}],"collection":[{"href":"https:\/\/agora.xtec.cat\/ceipvistaalegre\/wp-json\/wp\/v2\/posts"}],"about":[{"href":"https:\/\/agora.xtec.cat\/ceipvistaalegre\/wp-json\/wp\/v2\/types\/post"}],"author":[{"embeddable":true,"href":"https:\/\/agora.xtec.cat\/ceipvistaalegre\/wp-json\/wp\/v2\/users\/4"}],"replies":[{"embeddable":true,"href":"https:\/\/agora.xtec.cat\/ceipvistaalegre\/wp-json\/wp\/v2\/comments?post=7085"}],"version-history":[{"count":4,"href":"https:\/\/agora.xtec.cat\/ceipvistaalegre\/wp-json\/wp\/v2\/posts\/7085\/revisions"}],"predecessor-version":[{"id":7092,"href":"https:\/\/agora.xtec.cat\/ceipvistaalegre\/wp-json\/wp\/v2\/posts\/7085\/revisions\/7092"}],"wp:attachment":[{"href":"https:\/\/agora.xtec.cat\/ceipvistaalegre\/wp-json\/wp\/v2\/media?parent=7085"}],"wp:term":[{"taxonomy":"category","embeddable":true,"href":"https:\/\/agora.xtec.cat\/ceipvistaalegre\/wp-json\/wp\/v2\/categories?post=7085"},{"taxonomy":"post_tag","embeddable":true,"href":"https:\/\/agora.xtec.cat\/ceipvistaalegre\/wp-json\/wp\/v2\/tags?post=7085"}],"curies":[{"name":"wp","href":"https:\/\/api.w.org\/{rel}","templated":true}]}}