{"id":6987,"date":"2022-04-22T18:43:48","date_gmt":"2022-04-22T16:43:48","guid":{"rendered":"https:\/\/agora.xtec.cat\/ceipvistaalegre\/?p=6987"},"modified":"2022-04-22T18:43:48","modified_gmt":"2022-04-22T16:43:48","slug":"sortida-ajuntament-de-mataro","status":"publish","type":"post","link":"https:\/\/agora.xtec.cat\/ceipvistaalegre\/primaria\/5e\/sortida-ajuntament-de-mataro\/","title":{"rendered":"SORTIDA AJUNTAMENT DE MATAR\u00d3"},"content":{"rendered":"<p>Aquesta tarda hem anat a l&#8217;juntament de Matar\u00f3. La regidora ens ha at\u00e8s i hem fet una visita per con\u00e8ixer la hist\u00f2ria de l&#8217;edifici. S&#8217;ha fet un recorregut per les diferents estances com la &#8220;Sala de plens&#8221;, la &#8220;Sala dels Lleons&#8221; entre d&#8217;altres.<\/p>\n<p>Ha estat molt interessant!.<\/p>\n<p><img loading=\"lazy\" decoding=\"async\" class=\"alignnone  wp-image-6990\" src=\"https:\/\/agora.xtec.cat\/ceipvistaalegre\/wp-content\/uploads\/usu1936\/2022\/04\/WhatsApp-Image-2022-04-22-at-6.13.30-PM-1024x768.jpeg\" alt=\"\" width=\"277\" height=\"208\" srcset=\"https:\/\/agora.xtec.cat\/ceipvistaalegre\/wp-content\/uploads\/usu1936\/2022\/04\/WhatsApp-Image-2022-04-22-at-6.13.30-PM-1024x768.jpeg 1024w, https:\/\/agora.xtec.cat\/ceipvistaalegre\/wp-content\/uploads\/usu1936\/2022\/04\/WhatsApp-Image-2022-04-22-at-6.13.30-PM-300x225.jpeg 300w, https:\/\/agora.xtec.cat\/ceipvistaalegre\/wp-content\/uploads\/usu1936\/2022\/04\/WhatsApp-Image-2022-04-22-at-6.13.30-PM-768x576.jpeg 768w, https:\/\/agora.xtec.cat\/ceipvistaalegre\/wp-content\/uploads\/usu1936\/2022\/04\/WhatsApp-Image-2022-04-22-at-6.13.30-PM-1536x1152.jpeg 1536w, https:\/\/agora.xtec.cat\/ceipvistaalegre\/wp-content\/uploads\/usu1936\/2022\/04\/WhatsApp-Image-2022-04-22-at-6.13.30-PM-200x150.jpeg 200w, https:\/\/agora.xtec.cat\/ceipvistaalegre\/wp-content\/uploads\/usu1936\/2022\/04\/WhatsApp-Image-2022-04-22-at-6.13.30-PM.jpeg 2048w\" sizes=\"auto, (max-width: 277px) 100vw, 277px\" \/> <img loading=\"lazy\" decoding=\"async\" class=\"alignnone  wp-image-6991\" src=\"https:\/\/agora.xtec.cat\/ceipvistaalegre\/wp-content\/uploads\/usu1936\/2022\/04\/WhatsApp-Image-2022-04-22-at-6.14.11-PM-1024x768.jpeg\" alt=\"\" width=\"283\" height=\"212\" srcset=\"https:\/\/agora.xtec.cat\/ceipvistaalegre\/wp-content\/uploads\/usu1936\/2022\/04\/WhatsApp-Image-2022-04-22-at-6.14.11-PM-1024x768.jpeg 1024w, https:\/\/agora.xtec.cat\/ceipvistaalegre\/wp-content\/uploads\/usu1936\/2022\/04\/WhatsApp-Image-2022-04-22-at-6.14.11-PM-300x225.jpeg 300w, https:\/\/agora.xtec.cat\/ceipvistaalegre\/wp-content\/uploads\/usu1936\/2022\/04\/WhatsApp-Image-2022-04-22-at-6.14.11-PM-768x576.jpeg 768w, https:\/\/agora.xtec.cat\/ceipvistaalegre\/wp-content\/uploads\/usu1936\/2022\/04\/WhatsApp-Image-2022-04-22-at-6.14.11-PM-1536x1152.jpeg 1536w, https:\/\/agora.xtec.cat\/ceipvistaalegre\/wp-content\/uploads\/usu1936\/2022\/04\/WhatsApp-Image-2022-04-22-at-6.14.11-PM-200x150.jpeg 200w, https:\/\/agora.xtec.cat\/ceipvistaalegre\/wp-content\/uploads\/usu1936\/2022\/04\/WhatsApp-Image-2022-04-22-at-6.14.11-PM.jpeg 2048w\" sizes=\"auto, (max-width: 283px) 100vw, 283px\" \/><\/p>\n","protected":false},"excerpt":{"rendered":"<p>Aquesta tarda hem anat a l&#8217;juntament de Matar\u00f3. La regidora ens ha at\u00e8s i hem fet una visita per con\u00e8ixer la hist\u00f2ria de l&#8217;edifici. S&#8217;ha fet un recorregut per les diferents estances com la &#8220;Sala de plens&#8221;, la &#8220;Sala dels Lleons&#8221; entre d&#8217;altres.<br \/>\nHa estat molt&hellip;  <a href=\"https:\/\/agora.xtec.cat\/ceipvistaalegre\/primaria\/5e\/sortida-ajuntament-de-mataro\/\" title=\"Read SORTIDA AJUNTAMENT DE MATAR\u00d3\">Llegeix m\u00e9s\u00bb<\/a><\/p>\n","protected":false},"author":18,"featured_media":0,"comment_status":"open","ping_status":"closed","sticky":false,"template":"","format":"standard","meta":{"_bbp_topic_count":0,"_bbp_reply_count":0,"_bbp_total_topic_count":0,"_bbp_total_reply_count":0,"_bbp_voice_count":0,"_bbp_anonymous_reply_count":0,"_bbp_topic_count_hidden":0,"_bbp_reply_count_hidden":0,"_bbp_forum_subforum_count":0,"footnotes":""},"categories":[14],"tags":[],"class_list":["post-6987","post","type-post","status-publish","format-standard","hentry","category-5e"],"post_mailing_queue_ids":[],"_links":{"self":[{"href":"https:\/\/agora.xtec.cat\/ceipvistaalegre\/wp-json\/wp\/v2\/posts\/6987","targetHints":{"allow":["GET"]}}],"collection":[{"href":"https:\/\/agora.xtec.cat\/ceipvistaalegre\/wp-json\/wp\/v2\/posts"}],"about":[{"href":"https:\/\/agora.xtec.cat\/ceipvistaalegre\/wp-json\/wp\/v2\/types\/post"}],"author":[{"embeddable":true,"href":"https:\/\/agora.xtec.cat\/ceipvistaalegre\/wp-json\/wp\/v2\/users\/18"}],"replies":[{"embeddable":true,"href":"https:\/\/agora.xtec.cat\/ceipvistaalegre\/wp-json\/wp\/v2\/comments?post=6987"}],"version-history":[{"count":1,"href":"https:\/\/agora.xtec.cat\/ceipvistaalegre\/wp-json\/wp\/v2\/posts\/6987\/revisions"}],"predecessor-version":[{"id":6992,"href":"https:\/\/agora.xtec.cat\/ceipvistaalegre\/wp-json\/wp\/v2\/posts\/6987\/revisions\/6992"}],"wp:attachment":[{"href":"https:\/\/agora.xtec.cat\/ceipvistaalegre\/wp-json\/wp\/v2\/media?parent=6987"}],"wp:term":[{"taxonomy":"category","embeddable":true,"href":"https:\/\/agora.xtec.cat\/ceipvistaalegre\/wp-json\/wp\/v2\/categories?post=6987"},{"taxonomy":"post_tag","embeddable":true,"href":"https:\/\/agora.xtec.cat\/ceipvistaalegre\/wp-json\/wp\/v2\/tags?post=6987"}],"curies":[{"name":"wp","href":"https:\/\/api.w.org\/{rel}","templated":true}]}}