{"id":6951,"date":"2022-04-19T13:38:43","date_gmt":"2022-04-19T11:38:43","guid":{"rendered":"https:\/\/agora.xtec.cat\/ceipvistaalegre\/?p=6951"},"modified":"2022-04-19T13:40:50","modified_gmt":"2022-04-19T11:40:50","slug":"la-diversitat-a-casa-un-be-que-cal-fomentar","status":"publish","type":"post","link":"https:\/\/agora.xtec.cat\/ceipvistaalegre\/portada\/la-diversitat-a-casa-un-be-que-cal-fomentar\/","title":{"rendered":"Formaci\u00f3 per a fam\u00edlies: La diversitat a casa: un b\u00e9 que cal fomentar"},"content":{"rendered":"<p><strong style=\"font-family: inherit; font-size: 1em;\">LA DIVERSITAT A CASA: UN B\u00c9 QUE CAL FOMENTAR<\/strong><\/p>\n<p style=\"font-weight: 400;\">L\u2019activitat t\u00e9 per objectiu aprofundir en l\u2019ampli ventall dels valors: el respecte per la diversitat dels nostres fills i filles i la responsabilitat com a pares i mares, de fer-los cr\u00e9ixer tal i com s\u00f3n i estimar-los. Es parlar\u00e0 de la import\u00e0ncia, com a pares i mares, de saber aprendre dels errors, rectificar i perdonar-nos, i tamb\u00e9 de la import\u00e0ncia de procurar ser coherents i tenir esperit de superaci\u00f3. Es far\u00e0 un treball col\u00b7laboratiu a partir d\u2019exemples audiovisuals, i l\u2019activitat finalitzar\u00e0 amb una reflexi\u00f3 individual.<\/p>\n<p style=\"font-weight: 400;\"><a href=\"https:\/\/agora.xtec.cat\/ceipvistaalegre\/wp-content\/uploads\/usu1936\/2022\/04\/C.-La-diversitat-a-casa.jpg\"><img loading=\"lazy\" decoding=\"async\" class=\" wp-image-6952 aligncenter\" src=\"https:\/\/agora.xtec.cat\/ceipvistaalegre\/wp-content\/uploads\/usu1936\/2022\/04\/C.-La-diversitat-a-casa-725x1024.jpg\" alt=\"\" width=\"477\" height=\"674\" srcset=\"https:\/\/agora.xtec.cat\/ceipvistaalegre\/wp-content\/uploads\/usu1936\/2022\/04\/C.-La-diversitat-a-casa-725x1024.jpg 725w, https:\/\/agora.xtec.cat\/ceipvistaalegre\/wp-content\/uploads\/usu1936\/2022\/04\/C.-La-diversitat-a-casa-212x300.jpg 212w, https:\/\/agora.xtec.cat\/ceipvistaalegre\/wp-content\/uploads\/usu1936\/2022\/04\/C.-La-diversitat-a-casa-768x1085.jpg 768w, https:\/\/agora.xtec.cat\/ceipvistaalegre\/wp-content\/uploads\/usu1936\/2022\/04\/C.-La-diversitat-a-casa-1087x1536.jpg 1087w, https:\/\/agora.xtec.cat\/ceipvistaalegre\/wp-content\/uploads\/usu1936\/2022\/04\/C.-La-diversitat-a-casa.jpg 1241w\" sizes=\"auto, (max-width: 477px) 100vw, 477px\" \/><\/a><\/p>\n<p style=\"font-weight: 400;\">Us informem del proper taller dins l\u2019oferta formativa per a fam\u00edlies, a c\u00e0rrec\u00a0de la Roser Sell\u00e9s (coach familiar i educatiu), amb el suport de la Diputaci\u00f3 de Barcelona:\u00a0<strong>LA DIVERSITAT A CASA, UN B\u00c9 QUE CAL FOMENTAR.<\/strong><\/p>\n<p style=\"font-weight: 400;\">Aquest taller est\u00e0\u00a0<strong>destinat a fam\u00edlies <\/strong><strong>d\u2019infantil i prim\u00e0ria<\/strong>, i es realitzar\u00e0 els propers\u00a0<strong>dimarts\u00a0<\/strong><strong>26<\/strong><strong>\u00a0i dijous 28 d\u2019abril<\/strong>\u00a0a les\u00a0<strong>19.00 hores<\/strong>\u00a0(durada aproximada: 1h30min).<\/p>\n<p style=\"font-weight: 400;\"><strong>ATENCI\u00d3!\u00a0<\/strong>El taller es far\u00e0 en format telem\u00e0tic, i consta de\u00a0<strong>dos sessions<\/strong>. Les persones interessades hauran de confirmar assist\u00e8ncia a <a href=\"https:\/\/docs.google.com\/forms\/d\/e\/1FAIpQLSeIWG_APdsyvlgbqaYWSHy8LQEmJ7GU2RKSCI_fO_dQxOg9zQ\/viewform\">l\u2019enlla\u00e7<\/a>\u00a0o\u00a0al correu:\u00a0<strong><a href=\"mailto:educacio@ajmataro.cat\">educacio@ajmataro.cat<\/a><\/strong>, indicant nom, cognoms i el nom de l&#8217;escola. El mateix dia de la xerrada se us far\u00e0 arribar l\u2019enlla\u00e7 que servir\u00e0 per les dos sessions.<\/p>\n<p style=\"font-weight: 400;\">Per a m\u00e9s informaci\u00f3 de la formadora:\u00a0<a href=\"http:\/\/www.coaching-roserselles.com\/\" data-saferedirecturl=\"https:\/\/www.google.com\/url?q=http:\/\/www.coaching-roserselles.com\/&amp;source=gmail&amp;ust=1650454425196000&amp;usg=AOvVaw0L3GaOC0U-_b7aKF-QOzNL\">www.coaching-roserselles.com<\/a><\/p>\n","protected":false},"excerpt":{"rendered":"<p>LA DIVERSITAT A CASA: UN B\u00c9 QUE CAL FOMENTAR<br \/>\nL\u2019activitat t\u00e9 per objectiu aprofundir en l\u2019ampli ventall dels valors: el respecte per la diversitat dels nostres fills i filles i la responsabilitat com a pares i mares, de fer-los cr\u00e9ixer tal i com s\u00f3n i estimar-los.&hellip;  <a href=\"https:\/\/agora.xtec.cat\/ceipvistaalegre\/portada\/la-diversitat-a-casa-un-be-que-cal-fomentar\/\" title=\"Read Formaci\u00f3 per a fam\u00edlies: La diversitat a casa: un b\u00e9 que cal fomentar\">Llegeix m\u00e9s\u00bb<\/a><\/p>\n","protected":false},"author":3,"featured_media":0,"comment_status":"open","ping_status":"closed","sticky":false,"template":"","format":"standard","meta":{"_bbp_topic_count":0,"_bbp_reply_count":0,"_bbp_total_topic_count":0,"_bbp_total_reply_count":0,"_bbp_voice_count":0,"_bbp_anonymous_reply_count":0,"_bbp_topic_count_hidden":0,"_bbp_reply_count_hidden":0,"_bbp_forum_subforum_count":0,"footnotes":""},"categories":[4],"tags":[],"class_list":["post-6951","post","type-post","status-publish","format-standard","hentry","category-portada"],"post_mailing_queue_ids":[],"_links":{"self":[{"href":"https:\/\/agora.xtec.cat\/ceipvistaalegre\/wp-json\/wp\/v2\/posts\/6951","targetHints":{"allow":["GET"]}}],"collection":[{"href":"https:\/\/agora.xtec.cat\/ceipvistaalegre\/wp-json\/wp\/v2\/posts"}],"about":[{"href":"https:\/\/agora.xtec.cat\/ceipvistaalegre\/wp-json\/wp\/v2\/types\/post"}],"author":[{"embeddable":true,"href":"https:\/\/agora.xtec.cat\/ceipvistaalegre\/wp-json\/wp\/v2\/users\/3"}],"replies":[{"embeddable":true,"href":"https:\/\/agora.xtec.cat\/ceipvistaalegre\/wp-json\/wp\/v2\/comments?post=6951"}],"version-history":[{"count":3,"href":"https:\/\/agora.xtec.cat\/ceipvistaalegre\/wp-json\/wp\/v2\/posts\/6951\/revisions"}],"predecessor-version":[{"id":6955,"href":"https:\/\/agora.xtec.cat\/ceipvistaalegre\/wp-json\/wp\/v2\/posts\/6951\/revisions\/6955"}],"wp:attachment":[{"href":"https:\/\/agora.xtec.cat\/ceipvistaalegre\/wp-json\/wp\/v2\/media?parent=6951"}],"wp:term":[{"taxonomy":"category","embeddable":true,"href":"https:\/\/agora.xtec.cat\/ceipvistaalegre\/wp-json\/wp\/v2\/categories?post=6951"},{"taxonomy":"post_tag","embeddable":true,"href":"https:\/\/agora.xtec.cat\/ceipvistaalegre\/wp-json\/wp\/v2\/tags?post=6951"}],"curies":[{"name":"wp","href":"https:\/\/api.w.org\/{rel}","templated":true}]}}