{"id":6923,"date":"2022-04-07T09:48:59","date_gmt":"2022-04-07T07:48:59","guid":{"rendered":"https:\/\/agora.xtec.cat\/ceipvistaalegre\/?p=6923"},"modified":"2022-04-07T09:48:59","modified_gmt":"2022-04-07T07:48:59","slug":"anem-al-bosc-vertical","status":"publish","type":"post","link":"https:\/\/agora.xtec.cat\/ceipvistaalegre\/primaria\/6e\/anem-al-bosc-vertical\/","title":{"rendered":"Anem al Bosc Vertical!"},"content":{"rendered":"<p>Per tancar aquest 2n trimestre, els nens i nenes de 6\u00e8 hem anat al Bosc Vertical! Un parc d&#8217;aventures als arbres que est\u00e0 al Parc Forestal de Matar\u00f3. Ens ho hem passat molt b\u00e9 travessant obstacles i volant per les tirolines!<\/p>\n<p>Mireu quines <a href=\"https:\/\/drive.google.com\/file\/d\/1VHQNDVm8ubFnR1eP8MyKREjwZ5inESDe\/view?usp=sharing\">FOTOS<\/a> m\u00e9s divertides ens hem fet! \ud83d\ude09<\/p>\n<p><a href=\"https:\/\/agora.xtec.cat\/ceipvistaalegre\/wp-content\/uploads\/usu1936\/2022\/04\/web-scaled.jpg\"><img loading=\"lazy\" decoding=\"async\" class=\" wp-image-6924 aligncenter\" src=\"https:\/\/agora.xtec.cat\/ceipvistaalegre\/wp-content\/uploads\/usu1936\/2022\/04\/web-1024x768.jpg\" alt=\"\" width=\"591\" height=\"443\" srcset=\"https:\/\/agora.xtec.cat\/ceipvistaalegre\/wp-content\/uploads\/usu1936\/2022\/04\/web-1024x768.jpg 1024w, https:\/\/agora.xtec.cat\/ceipvistaalegre\/wp-content\/uploads\/usu1936\/2022\/04\/web-300x225.jpg 300w, https:\/\/agora.xtec.cat\/ceipvistaalegre\/wp-content\/uploads\/usu1936\/2022\/04\/web-768x576.jpg 768w, https:\/\/agora.xtec.cat\/ceipvistaalegre\/wp-content\/uploads\/usu1936\/2022\/04\/web-1536x1152.jpg 1536w, https:\/\/agora.xtec.cat\/ceipvistaalegre\/wp-content\/uploads\/usu1936\/2022\/04\/web-2048x1536.jpg 2048w, https:\/\/agora.xtec.cat\/ceipvistaalegre\/wp-content\/uploads\/usu1936\/2022\/04\/web-200x150.jpg 200w\" sizes=\"auto, (max-width: 591px) 100vw, 591px\" \/><\/a><\/p>\n","protected":false},"excerpt":{"rendered":"<p>Per tancar aquest 2n trimestre, els nens i nenes de 6\u00e8 hem anat al Bosc Vertical! Un parc d&#8217;aventures als arbres que est\u00e0 al Parc Forestal de Matar\u00f3. Ens ho hem passat molt b\u00e9 travessant obstacles i volant per les tirolines!<br \/>\nMireu quines <a href=\"https:\/\/drive.google.com\/file\/d\/1VHQNDVm8ubFnR1eP8MyKREjwZ5inESDe\/view?usp=sharing\">FOTOS<\/a> m\u00e9s&hellip;  <a href=\"https:\/\/agora.xtec.cat\/ceipvistaalegre\/primaria\/6e\/anem-al-bosc-vertical\/\" title=\"Read Anem al Bosc Vertical!\">Llegeix m\u00e9s\u00bb<\/a><\/p>\n","protected":false},"author":3,"featured_media":0,"comment_status":"open","ping_status":"closed","sticky":false,"template":"","format":"standard","meta":{"_bbp_topic_count":0,"_bbp_reply_count":0,"_bbp_total_topic_count":0,"_bbp_total_reply_count":0,"_bbp_voice_count":0,"_bbp_anonymous_reply_count":0,"_bbp_topic_count_hidden":0,"_bbp_reply_count_hidden":0,"_bbp_forum_subforum_count":0,"footnotes":""},"categories":[15],"tags":[],"class_list":["post-6923","post","type-post","status-publish","format-standard","hentry","category-6e"],"post_mailing_queue_ids":[],"_links":{"self":[{"href":"https:\/\/agora.xtec.cat\/ceipvistaalegre\/wp-json\/wp\/v2\/posts\/6923","targetHints":{"allow":["GET"]}}],"collection":[{"href":"https:\/\/agora.xtec.cat\/ceipvistaalegre\/wp-json\/wp\/v2\/posts"}],"about":[{"href":"https:\/\/agora.xtec.cat\/ceipvistaalegre\/wp-json\/wp\/v2\/types\/post"}],"author":[{"embeddable":true,"href":"https:\/\/agora.xtec.cat\/ceipvistaalegre\/wp-json\/wp\/v2\/users\/3"}],"replies":[{"embeddable":true,"href":"https:\/\/agora.xtec.cat\/ceipvistaalegre\/wp-json\/wp\/v2\/comments?post=6923"}],"version-history":[{"count":1,"href":"https:\/\/agora.xtec.cat\/ceipvistaalegre\/wp-json\/wp\/v2\/posts\/6923\/revisions"}],"predecessor-version":[{"id":6925,"href":"https:\/\/agora.xtec.cat\/ceipvistaalegre\/wp-json\/wp\/v2\/posts\/6923\/revisions\/6925"}],"wp:attachment":[{"href":"https:\/\/agora.xtec.cat\/ceipvistaalegre\/wp-json\/wp\/v2\/media?parent=6923"}],"wp:term":[{"taxonomy":"category","embeddable":true,"href":"https:\/\/agora.xtec.cat\/ceipvistaalegre\/wp-json\/wp\/v2\/categories?post=6923"},{"taxonomy":"post_tag","embeddable":true,"href":"https:\/\/agora.xtec.cat\/ceipvistaalegre\/wp-json\/wp\/v2\/tags?post=6923"}],"curies":[{"name":"wp","href":"https:\/\/api.w.org\/{rel}","templated":true}]}}