{"id":6868,"date":"2022-03-29T20:14:25","date_gmt":"2022-03-29T18:14:25","guid":{"rendered":"https:\/\/agora.xtec.cat\/ceipvistaalegre\/?p=6868"},"modified":"2022-03-29T20:14:25","modified_gmt":"2022-03-29T18:14:25","slug":"sortida-hortsavinya-2","status":"publish","type":"post","link":"https:\/\/agora.xtec.cat\/ceipvistaalegre\/primaria\/5e\/sortida-hortsavinya-2\/","title":{"rendered":"SORTIDA HORTSAVINY\u00c0"},"content":{"rendered":"<p>Avui hem fet la sortida a Hortsaviny\u00e0, s&#8217;han fet diferents activitats que ja estaven programades pels monitors.<\/p>\n<p>Ens han parlat de la natura en el seu estat m\u00e9s pur: masies, boscos frondosos, vegetaci\u00f3 mediterr\u00e0nia, passejades, silenci i aire pur.\u00a0 Els vostres fills i filles no nom\u00e9s han apr\u00e8s moltes coses,\u00a0 sin\u00f3 que han gaudit de la natura.<\/p>\n<p><img loading=\"lazy\" decoding=\"async\" class=\"alignnone  wp-image-6869\" src=\"https:\/\/agora.xtec.cat\/ceipvistaalegre\/wp-content\/uploads\/usu1936\/2022\/03\/WhatsApp-Image-2022-03-29-at-20.07.09-1024x768.jpeg\" alt=\"\" width=\"332\" height=\"249\" srcset=\"https:\/\/agora.xtec.cat\/ceipvistaalegre\/wp-content\/uploads\/usu1936\/2022\/03\/WhatsApp-Image-2022-03-29-at-20.07.09-1024x768.jpeg 1024w, https:\/\/agora.xtec.cat\/ceipvistaalegre\/wp-content\/uploads\/usu1936\/2022\/03\/WhatsApp-Image-2022-03-29-at-20.07.09-300x225.jpeg 300w, https:\/\/agora.xtec.cat\/ceipvistaalegre\/wp-content\/uploads\/usu1936\/2022\/03\/WhatsApp-Image-2022-03-29-at-20.07.09-768x576.jpeg 768w, https:\/\/agora.xtec.cat\/ceipvistaalegre\/wp-content\/uploads\/usu1936\/2022\/03\/WhatsApp-Image-2022-03-29-at-20.07.09-1536x1152.jpeg 1536w, https:\/\/agora.xtec.cat\/ceipvistaalegre\/wp-content\/uploads\/usu1936\/2022\/03\/WhatsApp-Image-2022-03-29-at-20.07.09-200x150.jpeg 200w, https:\/\/agora.xtec.cat\/ceipvistaalegre\/wp-content\/uploads\/usu1936\/2022\/03\/WhatsApp-Image-2022-03-29-at-20.07.09.jpeg 1600w\" sizes=\"auto, (max-width: 332px) 100vw, 332px\" \/> <img loading=\"lazy\" decoding=\"async\" class=\"alignnone  wp-image-6870\" src=\"https:\/\/agora.xtec.cat\/ceipvistaalegre\/wp-content\/uploads\/usu1936\/2022\/03\/WhatsApp-Image-2022-03-29-at-20.11.19-1024x768.jpeg\" alt=\"\" width=\"331\" height=\"248\" srcset=\"https:\/\/agora.xtec.cat\/ceipvistaalegre\/wp-content\/uploads\/usu1936\/2022\/03\/WhatsApp-Image-2022-03-29-at-20.11.19-1024x768.jpeg 1024w, https:\/\/agora.xtec.cat\/ceipvistaalegre\/wp-content\/uploads\/usu1936\/2022\/03\/WhatsApp-Image-2022-03-29-at-20.11.19-300x225.jpeg 300w, https:\/\/agora.xtec.cat\/ceipvistaalegre\/wp-content\/uploads\/usu1936\/2022\/03\/WhatsApp-Image-2022-03-29-at-20.11.19-768x576.jpeg 768w, https:\/\/agora.xtec.cat\/ceipvistaalegre\/wp-content\/uploads\/usu1936\/2022\/03\/WhatsApp-Image-2022-03-29-at-20.11.19-1536x1152.jpeg 1536w, https:\/\/agora.xtec.cat\/ceipvistaalegre\/wp-content\/uploads\/usu1936\/2022\/03\/WhatsApp-Image-2022-03-29-at-20.11.19-200x150.jpeg 200w, https:\/\/agora.xtec.cat\/ceipvistaalegre\/wp-content\/uploads\/usu1936\/2022\/03\/WhatsApp-Image-2022-03-29-at-20.11.19.jpeg 2048w\" sizes=\"auto, (max-width: 331px) 100vw, 331px\" \/><\/p>\n","protected":false},"excerpt":{"rendered":"<p>Avui hem fet la sortida a Hortsaviny\u00e0, s&#8217;han fet diferents activitats que ja estaven programades pels monitors.<br \/>\nEns han parlat de la natura en el seu estat m\u00e9s pur: masies, boscos frondosos, vegetaci\u00f3 mediterr\u00e0nia, passejades, silenci i aire pur.\u00a0 Els vostres fills i filles no nom\u00e9s&hellip;  <a href=\"https:\/\/agora.xtec.cat\/ceipvistaalegre\/primaria\/5e\/sortida-hortsavinya-2\/\" title=\"Read SORTIDA HORTSAVINY\u00c0\">Llegeix m\u00e9s\u00bb<\/a><\/p>\n","protected":false},"author":18,"featured_media":0,"comment_status":"open","ping_status":"closed","sticky":false,"template":"","format":"standard","meta":{"_bbp_topic_count":0,"_bbp_reply_count":0,"_bbp_total_topic_count":0,"_bbp_total_reply_count":0,"_bbp_voice_count":0,"_bbp_anonymous_reply_count":0,"_bbp_topic_count_hidden":0,"_bbp_reply_count_hidden":0,"_bbp_forum_subforum_count":0,"footnotes":""},"categories":[14],"tags":[],"class_list":["post-6868","post","type-post","status-publish","format-standard","hentry","category-5e"],"post_mailing_queue_ids":[],"_links":{"self":[{"href":"https:\/\/agora.xtec.cat\/ceipvistaalegre\/wp-json\/wp\/v2\/posts\/6868","targetHints":{"allow":["GET"]}}],"collection":[{"href":"https:\/\/agora.xtec.cat\/ceipvistaalegre\/wp-json\/wp\/v2\/posts"}],"about":[{"href":"https:\/\/agora.xtec.cat\/ceipvistaalegre\/wp-json\/wp\/v2\/types\/post"}],"author":[{"embeddable":true,"href":"https:\/\/agora.xtec.cat\/ceipvistaalegre\/wp-json\/wp\/v2\/users\/18"}],"replies":[{"embeddable":true,"href":"https:\/\/agora.xtec.cat\/ceipvistaalegre\/wp-json\/wp\/v2\/comments?post=6868"}],"version-history":[{"count":1,"href":"https:\/\/agora.xtec.cat\/ceipvistaalegre\/wp-json\/wp\/v2\/posts\/6868\/revisions"}],"predecessor-version":[{"id":6871,"href":"https:\/\/agora.xtec.cat\/ceipvistaalegre\/wp-json\/wp\/v2\/posts\/6868\/revisions\/6871"}],"wp:attachment":[{"href":"https:\/\/agora.xtec.cat\/ceipvistaalegre\/wp-json\/wp\/v2\/media?parent=6868"}],"wp:term":[{"taxonomy":"category","embeddable":true,"href":"https:\/\/agora.xtec.cat\/ceipvistaalegre\/wp-json\/wp\/v2\/categories?post=6868"},{"taxonomy":"post_tag","embeddable":true,"href":"https:\/\/agora.xtec.cat\/ceipvistaalegre\/wp-json\/wp\/v2\/tags?post=6868"}],"curies":[{"name":"wp","href":"https:\/\/api.w.org\/{rel}","templated":true}]}}