{"id":6865,"date":"2022-03-29T10:48:40","date_gmt":"2022-03-29T08:48:40","guid":{"rendered":"https:\/\/agora.xtec.cat\/ceipvistaalegre\/?p=6865"},"modified":"2022-03-29T10:48:40","modified_gmt":"2022-03-29T08:48:40","slug":"que-es-una-roca-i-un-mineral","status":"publish","type":"post","link":"https:\/\/agora.xtec.cat\/ceipvistaalegre\/primaria\/4t\/que-es-una-roca-i-un-mineral\/","title":{"rendered":"Qu\u00e8 \u00e9s una roca? I un mineral?"},"content":{"rendered":"<p>Les noies i els nois de 4t hem observat roques i minerals per grups i fent \u00fas dels microscopis. He pogut veure&#8217;ls de ben a prop. Qu\u00e8 macos que s\u00f3n!<\/p>\n<p>Hem investigat com es formen i de quins tipus n&#8217;hi ha.<\/p>\n<p><a href=\"https:\/\/agora.xtec.cat\/ceipvistaalegre\/wp-content\/uploads\/usu1936\/2022\/03\/Cosas-que-Vemos-en-el-Exterior-Ilustracion-Plana-Flashcard-Tarjetas.png\"><img loading=\"lazy\" decoding=\"async\" class=\"aligncenter  wp-image-6866\" src=\"https:\/\/agora.xtec.cat\/ceipvistaalegre\/wp-content\/uploads\/usu1936\/2022\/03\/Cosas-que-Vemos-en-el-Exterior-Ilustracion-Plana-Flashcard-Tarjetas-300x212.png\" alt=\"\" width=\"428\" height=\"303\" srcset=\"https:\/\/agora.xtec.cat\/ceipvistaalegre\/wp-content\/uploads\/usu1936\/2022\/03\/Cosas-que-Vemos-en-el-Exterior-Ilustracion-Plana-Flashcard-Tarjetas-300x212.png 300w, https:\/\/agora.xtec.cat\/ceipvistaalegre\/wp-content\/uploads\/usu1936\/2022\/03\/Cosas-que-Vemos-en-el-Exterior-Ilustracion-Plana-Flashcard-Tarjetas-1024x724.png 1024w, https:\/\/agora.xtec.cat\/ceipvistaalegre\/wp-content\/uploads\/usu1936\/2022\/03\/Cosas-que-Vemos-en-el-Exterior-Ilustracion-Plana-Flashcard-Tarjetas-768x543.png 768w, https:\/\/agora.xtec.cat\/ceipvistaalegre\/wp-content\/uploads\/usu1936\/2022\/03\/Cosas-que-Vemos-en-el-Exterior-Ilustracion-Plana-Flashcard-Tarjetas-1536x1086.png 1536w, https:\/\/agora.xtec.cat\/ceipvistaalegre\/wp-content\/uploads\/usu1936\/2022\/03\/Cosas-que-Vemos-en-el-Exterior-Ilustracion-Plana-Flashcard-Tarjetas.png 2000w\" sizes=\"auto, (max-width: 428px) 100vw, 428px\" \/><\/a><\/p>\n","protected":false},"excerpt":{"rendered":"<p>Les noies i els nois de 4t hem observat roques i minerals per grups i fent \u00fas dels microscopis. He pogut veure&#8217;ls de ben a prop. Qu\u00e8 macos que s\u00f3n!<br \/>\nHem investigat com es formen i de quins tipus n&#8217;hi ha.<br \/>\n<a href=\"https:\/\/agora.xtec.cat\/ceipvistaalegre\/wp-content\/uploads\/usu1936\/2022\/03\/Cosas-que-Vemos-en-el-Exterior-Ilustracion-Plana-Flashcard-Tarjetas.png\"><\/a><\/p>\n","protected":false},"author":7,"featured_media":0,"comment_status":"open","ping_status":"closed","sticky":false,"template":"","format":"standard","meta":{"_bbp_topic_count":0,"_bbp_reply_count":0,"_bbp_total_topic_count":0,"_bbp_total_reply_count":0,"_bbp_voice_count":0,"_bbp_anonymous_reply_count":0,"_bbp_topic_count_hidden":0,"_bbp_reply_count_hidden":0,"_bbp_forum_subforum_count":0,"footnotes":""},"categories":[13],"tags":[],"class_list":["post-6865","post","type-post","status-publish","format-standard","hentry","category-4t"],"post_mailing_queue_ids":[],"_links":{"self":[{"href":"https:\/\/agora.xtec.cat\/ceipvistaalegre\/wp-json\/wp\/v2\/posts\/6865","targetHints":{"allow":["GET"]}}],"collection":[{"href":"https:\/\/agora.xtec.cat\/ceipvistaalegre\/wp-json\/wp\/v2\/posts"}],"about":[{"href":"https:\/\/agora.xtec.cat\/ceipvistaalegre\/wp-json\/wp\/v2\/types\/post"}],"author":[{"embeddable":true,"href":"https:\/\/agora.xtec.cat\/ceipvistaalegre\/wp-json\/wp\/v2\/users\/7"}],"replies":[{"embeddable":true,"href":"https:\/\/agora.xtec.cat\/ceipvistaalegre\/wp-json\/wp\/v2\/comments?post=6865"}],"version-history":[{"count":1,"href":"https:\/\/agora.xtec.cat\/ceipvistaalegre\/wp-json\/wp\/v2\/posts\/6865\/revisions"}],"predecessor-version":[{"id":6867,"href":"https:\/\/agora.xtec.cat\/ceipvistaalegre\/wp-json\/wp\/v2\/posts\/6865\/revisions\/6867"}],"wp:attachment":[{"href":"https:\/\/agora.xtec.cat\/ceipvistaalegre\/wp-json\/wp\/v2\/media?parent=6865"}],"wp:term":[{"taxonomy":"category","embeddable":true,"href":"https:\/\/agora.xtec.cat\/ceipvistaalegre\/wp-json\/wp\/v2\/categories?post=6865"},{"taxonomy":"post_tag","embeddable":true,"href":"https:\/\/agora.xtec.cat\/ceipvistaalegre\/wp-json\/wp\/v2\/tags?post=6865"}],"curies":[{"name":"wp","href":"https:\/\/api.w.org\/{rel}","templated":true}]}}