{"id":6849,"date":"2022-03-27T17:06:37","date_gmt":"2022-03-27T15:06:37","guid":{"rendered":"https:\/\/agora.xtec.cat\/ceipvistaalegre\/?p=6849"},"modified":"2022-03-27T17:15:33","modified_gmt":"2022-03-27T15:15:33","slug":"fem-racons","status":"publish","type":"post","link":"https:\/\/agora.xtec.cat\/ceipvistaalegre\/infantil\/infantil-4-anys\/fem-racons\/","title":{"rendered":"FEM RACONS"},"content":{"rendered":"<p>Els infants de P4 aprenen a trav\u00e9s de la metodologia de racons. Aquesta setmana dins l&#8217;\u00e0rea del llenguatge matem\u00e0tic hem fet torres de les diferents quantitats amb multicubs, jocs de l\u00f2gica atenent a diferents atributs, composicions amb formes geom\u00e8triques i seracions de dos i tres elements. En l&#8217;\u00e0rea de llenguatge escrit, hem fet llistat de paraules, discriminaci\u00f3 de noms llargs i curts, classificaci\u00f3 de paraules segons la vocal que comen\u00e7a i composici\u00f3 i dibuix de l&#8217;esquema corporal. Aqu\u00ed teniu una petita mostra de les nostres activitats.<\/p>\n<p><a href=\"https:\/\/agora.xtec.cat\/ceipvistaalegre\/wp-content\/uploads\/usu1936\/2022\/03\/1648315570720_opt.jpg\"><img loading=\"lazy\" decoding=\"async\" class=\"alignnone size-full wp-image-6850\" src=\"https:\/\/agora.xtec.cat\/ceipvistaalegre\/wp-content\/uploads\/usu1936\/2022\/03\/1648315570720_opt.jpg\" alt=\"\" width=\"1000\" height=\"1000\" srcset=\"https:\/\/agora.xtec.cat\/ceipvistaalegre\/wp-content\/uploads\/usu1936\/2022\/03\/1648315570720_opt.jpg 1000w, https:\/\/agora.xtec.cat\/ceipvistaalegre\/wp-content\/uploads\/usu1936\/2022\/03\/1648315570720_opt-300x300.jpg 300w, https:\/\/agora.xtec.cat\/ceipvistaalegre\/wp-content\/uploads\/usu1936\/2022\/03\/1648315570720_opt-150x150.jpg 150w, https:\/\/agora.xtec.cat\/ceipvistaalegre\/wp-content\/uploads\/usu1936\/2022\/03\/1648315570720_opt-768x768.jpg 768w\" sizes=\"auto, (max-width: 1000px) 100vw, 1000px\" \/><\/a><\/p>\n","protected":false},"excerpt":{"rendered":"<p>Els infants de P4 aprenen a trav\u00e9s de la metodologia de racons. Aquesta setmana dins l&#8217;\u00e0rea del llenguatge matem\u00e0tic hem fet torres de les diferents quantitats amb multicubs, jocs de l\u00f2gica atenent a diferents atributs, composicions amb formes geom\u00e8triques i seracions de dos i tres&hellip;  <a href=\"https:\/\/agora.xtec.cat\/ceipvistaalegre\/infantil\/infantil-4-anys\/fem-racons\/\" title=\"Read FEM RACONS\">Llegeix m\u00e9s\u00bb<\/a><\/p>\n","protected":false},"author":25,"featured_media":0,"comment_status":"open","ping_status":"closed","sticky":false,"template":"","format":"standard","meta":{"_bbp_topic_count":0,"_bbp_reply_count":0,"_bbp_total_topic_count":0,"_bbp_total_reply_count":0,"_bbp_voice_count":0,"_bbp_anonymous_reply_count":0,"_bbp_topic_count_hidden":0,"_bbp_reply_count_hidden":0,"_bbp_forum_subforum_count":0,"footnotes":""},"categories":[8],"tags":[],"class_list":["post-6849","post","type-post","status-publish","format-standard","hentry","category-infantil-4-anys"],"post_mailing_queue_ids":[],"_links":{"self":[{"href":"https:\/\/agora.xtec.cat\/ceipvistaalegre\/wp-json\/wp\/v2\/posts\/6849","targetHints":{"allow":["GET"]}}],"collection":[{"href":"https:\/\/agora.xtec.cat\/ceipvistaalegre\/wp-json\/wp\/v2\/posts"}],"about":[{"href":"https:\/\/agora.xtec.cat\/ceipvistaalegre\/wp-json\/wp\/v2\/types\/post"}],"author":[{"embeddable":true,"href":"https:\/\/agora.xtec.cat\/ceipvistaalegre\/wp-json\/wp\/v2\/users\/25"}],"replies":[{"embeddable":true,"href":"https:\/\/agora.xtec.cat\/ceipvistaalegre\/wp-json\/wp\/v2\/comments?post=6849"}],"version-history":[{"count":1,"href":"https:\/\/agora.xtec.cat\/ceipvistaalegre\/wp-json\/wp\/v2\/posts\/6849\/revisions"}],"predecessor-version":[{"id":6851,"href":"https:\/\/agora.xtec.cat\/ceipvistaalegre\/wp-json\/wp\/v2\/posts\/6849\/revisions\/6851"}],"wp:attachment":[{"href":"https:\/\/agora.xtec.cat\/ceipvistaalegre\/wp-json\/wp\/v2\/media?parent=6849"}],"wp:term":[{"taxonomy":"category","embeddable":true,"href":"https:\/\/agora.xtec.cat\/ceipvistaalegre\/wp-json\/wp\/v2\/categories?post=6849"},{"taxonomy":"post_tag","embeddable":true,"href":"https:\/\/agora.xtec.cat\/ceipvistaalegre\/wp-json\/wp\/v2\/tags?post=6849"}],"curies":[{"name":"wp","href":"https:\/\/api.w.org\/{rel}","templated":true}]}}