{"id":6838,"date":"2022-03-24T15:56:47","date_gmt":"2022-03-24T14:56:47","guid":{"rendered":"https:\/\/agora.xtec.cat\/ceipvistaalegre\/?p=6838"},"modified":"2022-03-24T15:58:36","modified_gmt":"2022-03-24T14:58:36","slug":"saned-amb-ucraina","status":"publish","type":"post","link":"https:\/\/agora.xtec.cat\/ceipvistaalegre\/portada\/saned-amb-ucraina\/","title":{"rendered":"Saned amb Ucra\u00efna"},"content":{"rendered":"<p><a href=\"https:\/\/agora.xtec.cat\/ceipvistaalegre\/wp-content\/uploads\/usu1936\/2022\/03\/saned-amb-ucrai\u0308na-1.jpeg\"><img loading=\"lazy\" decoding=\"async\" class=\"wp-image-6839 aligncenter\" src=\"https:\/\/agora.xtec.cat\/ceipvistaalegre\/wp-content\/uploads\/usu1936\/2022\/03\/saned-amb-ucrai\u0308na-1-1024x811.jpeg\" alt=\"\" width=\"465\" height=\"368\" srcset=\"https:\/\/agora.xtec.cat\/ceipvistaalegre\/wp-content\/uploads\/usu1936\/2022\/03\/saned-amb-ucrai\u0308na-1-1024x811.jpeg 1024w, https:\/\/agora.xtec.cat\/ceipvistaalegre\/wp-content\/uploads\/usu1936\/2022\/03\/saned-amb-ucrai\u0308na-1-300x238.jpeg 300w, https:\/\/agora.xtec.cat\/ceipvistaalegre\/wp-content\/uploads\/usu1936\/2022\/03\/saned-amb-ucrai\u0308na-1-768x608.jpeg 768w, https:\/\/agora.xtec.cat\/ceipvistaalegre\/wp-content\/uploads\/usu1936\/2022\/03\/saned-amb-ucrai\u0308na-1.jpeg 1131w\" sizes=\"auto, (max-width: 465px) 100vw, 465px\" \/><\/a><\/p>\n<p>Estem vivint setmanes dif\u00edcils a nivell mundial amb l&#8217;atac rus a Ucra\u00efna. Aquesta guerra ha portat a milers de persones a abandonar casa seva i el seu pa\u00eds i Catalunya, novament, s&#8217;ha mostrat com a territori d&#8217;acollida.<br \/>\nSANED AMB UCRA\u00cfNA \u00e9s una acci\u00f3 solid\u00e0ria que ha posat en marxa l&#8217;empresa de menjador de l&#8217;escola i que consisteix en acollir a uns 60 refugiats ucra\u00efnesos, unes 40 dones i uns 20 infants, a la casa de las Franciscanas Misionera situada al municipi de La Garriga.<br \/>\nDes de SANED han acondicionat la casa i la cuina de la mateixa amb la compra d&#8217;un forn d&#8217;inducci\u00f3 per tal de poder cuinar els \u00e0pats per aquestes persones refugiades i han parlat amb els nostres prove\u00efdors per aconseguir col\u00b7laboracions.<\/p>\n<p>Des de l&#8217;escola, estem molt orgullosos d&#8217;aquesta gran tasca solid\u00e0ria! \ud83d\udcab<\/p>\n<h3 style=\"text-align: center;\">Moltes persones petites, en llocs petits, fent coses petites, poden canviar el m\u00f3n&#8230;<\/h3>\n","protected":false},"excerpt":{"rendered":"<p><a href=\"https:\/\/agora.xtec.cat\/ceipvistaalegre\/wp-content\/uploads\/usu1936\/2022\/03\/saned-amb-ucrai\u0308na-1.jpeg\"><\/a><br \/>\nEstem vivint setmanes dif\u00edcils a nivell mundial amb l&#8217;atac rus a Ucra\u00efna. Aquesta guerra ha portat a milers de persones a abandonar casa seva i el seu pa\u00eds i Catalunya, novament, s&#8217;ha mostrat com a territori d&#8217;acollida.<br \/>\nSANED AMB UCRA\u00cfNA \u00e9s una acci\u00f3 solid\u00e0ria que&hellip;  <a href=\"https:\/\/agora.xtec.cat\/ceipvistaalegre\/portada\/saned-amb-ucraina\/\" title=\"Read Saned amb Ucra\u00efna\">Llegeix m\u00e9s\u00bb<\/a><\/p>\n","protected":false},"author":3,"featured_media":0,"comment_status":"open","ping_status":"closed","sticky":false,"template":"","format":"standard","meta":{"_bbp_topic_count":0,"_bbp_reply_count":0,"_bbp_total_topic_count":0,"_bbp_total_reply_count":0,"_bbp_voice_count":0,"_bbp_anonymous_reply_count":0,"_bbp_topic_count_hidden":0,"_bbp_reply_count_hidden":0,"_bbp_forum_subforum_count":0,"footnotes":""},"categories":[4],"tags":[],"class_list":["post-6838","post","type-post","status-publish","format-standard","hentry","category-portada"],"post_mailing_queue_ids":[],"_links":{"self":[{"href":"https:\/\/agora.xtec.cat\/ceipvistaalegre\/wp-json\/wp\/v2\/posts\/6838","targetHints":{"allow":["GET"]}}],"collection":[{"href":"https:\/\/agora.xtec.cat\/ceipvistaalegre\/wp-json\/wp\/v2\/posts"}],"about":[{"href":"https:\/\/agora.xtec.cat\/ceipvistaalegre\/wp-json\/wp\/v2\/types\/post"}],"author":[{"embeddable":true,"href":"https:\/\/agora.xtec.cat\/ceipvistaalegre\/wp-json\/wp\/v2\/users\/3"}],"replies":[{"embeddable":true,"href":"https:\/\/agora.xtec.cat\/ceipvistaalegre\/wp-json\/wp\/v2\/comments?post=6838"}],"version-history":[{"count":2,"href":"https:\/\/agora.xtec.cat\/ceipvistaalegre\/wp-json\/wp\/v2\/posts\/6838\/revisions"}],"predecessor-version":[{"id":6841,"href":"https:\/\/agora.xtec.cat\/ceipvistaalegre\/wp-json\/wp\/v2\/posts\/6838\/revisions\/6841"}],"wp:attachment":[{"href":"https:\/\/agora.xtec.cat\/ceipvistaalegre\/wp-json\/wp\/v2\/media?parent=6838"}],"wp:term":[{"taxonomy":"category","embeddable":true,"href":"https:\/\/agora.xtec.cat\/ceipvistaalegre\/wp-json\/wp\/v2\/categories?post=6838"},{"taxonomy":"post_tag","embeddable":true,"href":"https:\/\/agora.xtec.cat\/ceipvistaalegre\/wp-json\/wp\/v2\/tags?post=6838"}],"curies":[{"name":"wp","href":"https:\/\/api.w.org\/{rel}","templated":true}]}}