{"id":6822,"date":"2022-03-21T12:15:44","date_gmt":"2022-03-21T11:15:44","guid":{"rendered":"https:\/\/agora.xtec.cat\/ceipvistaalegre\/?p=6822"},"modified":"2022-03-21T12:15:44","modified_gmt":"2022-03-21T11:15:44","slug":"xerrada-per-a-families","status":"publish","type":"post","link":"https:\/\/agora.xtec.cat\/ceipvistaalegre\/portada\/xerrada-per-a-families\/","title":{"rendered":"Xerrada per a fam\u00edlies"},"content":{"rendered":"<p style=\"text-align: center;\"><a href=\"https:\/\/agora.xtec.cat\/ceipvistaalegre\/wp-content\/uploads\/usu1936\/2022\/03\/C.-Sexualitat-i-afectivitats.jpg\"><img loading=\"lazy\" decoding=\"async\" class=\"alignnone size-large wp-image-6823\" src=\"https:\/\/agora.xtec.cat\/ceipvistaalegre\/wp-content\/uploads\/usu1936\/2022\/03\/C.-Sexualitat-i-afectivitats-724x1024.jpg\" alt=\"\" width=\"724\" height=\"1024\" srcset=\"https:\/\/agora.xtec.cat\/ceipvistaalegre\/wp-content\/uploads\/usu1936\/2022\/03\/C.-Sexualitat-i-afectivitats-724x1024.jpg 724w, https:\/\/agora.xtec.cat\/ceipvistaalegre\/wp-content\/uploads\/usu1936\/2022\/03\/C.-Sexualitat-i-afectivitats-212x300.jpg 212w, https:\/\/agora.xtec.cat\/ceipvistaalegre\/wp-content\/uploads\/usu1936\/2022\/03\/C.-Sexualitat-i-afectivitats-768x1086.jpg 768w, https:\/\/agora.xtec.cat\/ceipvistaalegre\/wp-content\/uploads\/usu1936\/2022\/03\/C.-Sexualitat-i-afectivitats-1086x1536.jpg 1086w, https:\/\/agora.xtec.cat\/ceipvistaalegre\/wp-content\/uploads\/usu1936\/2022\/03\/C.-Sexualitat-i-afectivitats.jpg 1241w\" sizes=\"auto, (max-width: 724px) 100vw, 724px\" \/><\/a><\/p>\n<h4 style=\"font-weight: 400;\">Us informem de la propera xerrada per a fam\u00edlies que ofereix l&#8217;Ajuntament de Matar\u00f3, aquesta vegada a c\u00e0rrec de la Teresa Torres (t\u00e8cnica de la Secci\u00f3 de Salut de l\u2019Ajuntament)<\/h4>\n<h4 style=\"font-weight: 400; text-align: center;\"><strong>SEXUALITAT I AFECTIVITATS: QUAN I COM N&#8217;HEM DE PARLAR AMB ELS FILLS?<\/strong><\/h4>\n<h4 style=\"font-weight: 400;\">Aquesta xerrada est\u00e0\u00a0<strong>destinada a fam\u00edlies\u00a0<\/strong><strong>de prim\u00e0ria<\/strong>, i es realitzar\u00e0 el proper\u00a0<strong>dimarts\u00a0<\/strong><strong>29<\/strong><strong>\u00a0de mar\u00e7<\/strong>\u00a0a les\u00a0<strong>18.30 hores<\/strong> (durada aproximada: 1h 30min).<\/h4>\n<h4 style=\"font-weight: 400;\"><strong>ATENCI\u00d3!\u00a0<\/strong>La xerrada es far\u00e0 en format telem\u00e0tic, aix\u00ed que les persones interessades hauran de confirmar assist\u00e8ncia al seg\u00fcent <strong><a href=\"https:\/\/docs.google.com\/forms\/d\/e\/1FAIpQLScacwDOHHfQMxLXgybm37EQa776AlpaIiiK-cwWLr136L3yxQ\/viewform\">enlla\u00e7<\/a> <\/strong>o b\u00e9 al correu: <strong><a href=\"mailto:educacio@ajmataro.cat\">educacio@ajmataro.cat<\/a><\/strong>, indicant nom, cognoms i nom de l&#8217;escola.<\/h4>\n<h4 style=\"font-weight: 400;\">El mateix dia de la xerrada se us far\u00e0 arribar l\u2019enlla\u00e7 a la mateixa.<\/h4>\n<p><a href=\"https:\/\/agora.xtec.cat\/ceipvistaalegre\/wp-content\/uploads\/usu1936\/2020\/07\/logo-vector-ajuntament-de-mataro_0.jpg\"><img loading=\"lazy\" decoding=\"async\" class=\"wp-image-2958 aligncenter\" src=\"https:\/\/agora.xtec.cat\/ceipvistaalegre\/wp-content\/uploads\/usu1936\/2020\/07\/logo-vector-ajuntament-de-mataro_0.jpg\" alt=\"\" width=\"163\" height=\"83\" \/><\/a><\/p>\n","protected":false},"excerpt":{"rendered":"<p><a href=\"https:\/\/agora.xtec.cat\/ceipvistaalegre\/wp-content\/uploads\/usu1936\/2022\/03\/C.-Sexualitat-i-afectivitats.jpg\"><\/a><br \/>\nUs informem de la propera xerrada per a fam\u00edlies que ofereix l&#8217;Ajuntament de Matar\u00f3, aquesta vegada a c\u00e0rrec de la Teresa Torres (t\u00e8cnica de la Secci\u00f3 de Salut de l\u2019Ajuntament)<br \/>\nSEXUALITAT I AFECTIVITATS: QUAN I COM N&#8217;HEM DE PARLAR AMB ELS FILLS?<br \/>\nAquesta xerrada est\u00e0\u00a0destinada a&hellip;  <a href=\"https:\/\/agora.xtec.cat\/ceipvistaalegre\/portada\/xerrada-per-a-families\/\" title=\"Read Xerrada per a fam\u00edlies\">Llegeix m\u00e9s\u00bb<\/a><\/p>\n","protected":false},"author":3,"featured_media":0,"comment_status":"open","ping_status":"closed","sticky":false,"template":"","format":"standard","meta":{"_bbp_topic_count":0,"_bbp_reply_count":0,"_bbp_total_topic_count":0,"_bbp_total_reply_count":0,"_bbp_voice_count":0,"_bbp_anonymous_reply_count":0,"_bbp_topic_count_hidden":0,"_bbp_reply_count_hidden":0,"_bbp_forum_subforum_count":0,"footnotes":""},"categories":[4],"tags":[],"class_list":["post-6822","post","type-post","status-publish","format-standard","hentry","category-portada"],"post_mailing_queue_ids":[],"_links":{"self":[{"href":"https:\/\/agora.xtec.cat\/ceipvistaalegre\/wp-json\/wp\/v2\/posts\/6822","targetHints":{"allow":["GET"]}}],"collection":[{"href":"https:\/\/agora.xtec.cat\/ceipvistaalegre\/wp-json\/wp\/v2\/posts"}],"about":[{"href":"https:\/\/agora.xtec.cat\/ceipvistaalegre\/wp-json\/wp\/v2\/types\/post"}],"author":[{"embeddable":true,"href":"https:\/\/agora.xtec.cat\/ceipvistaalegre\/wp-json\/wp\/v2\/users\/3"}],"replies":[{"embeddable":true,"href":"https:\/\/agora.xtec.cat\/ceipvistaalegre\/wp-json\/wp\/v2\/comments?post=6822"}],"version-history":[{"count":1,"href":"https:\/\/agora.xtec.cat\/ceipvistaalegre\/wp-json\/wp\/v2\/posts\/6822\/revisions"}],"predecessor-version":[{"id":6824,"href":"https:\/\/agora.xtec.cat\/ceipvistaalegre\/wp-json\/wp\/v2\/posts\/6822\/revisions\/6824"}],"wp:attachment":[{"href":"https:\/\/agora.xtec.cat\/ceipvistaalegre\/wp-json\/wp\/v2\/media?parent=6822"}],"wp:term":[{"taxonomy":"category","embeddable":true,"href":"https:\/\/agora.xtec.cat\/ceipvistaalegre\/wp-json\/wp\/v2\/categories?post=6822"},{"taxonomy":"post_tag","embeddable":true,"href":"https:\/\/agora.xtec.cat\/ceipvistaalegre\/wp-json\/wp\/v2\/tags?post=6822"}],"curies":[{"name":"wp","href":"https:\/\/api.w.org\/{rel}","templated":true}]}}