{"id":6789,"date":"2022-03-13T16:32:23","date_gmt":"2022-03-13T15:32:23","guid":{"rendered":"https:\/\/agora.xtec.cat\/ceipvistaalegre\/?p=6789"},"modified":"2022-03-13T16:32:23","modified_gmt":"2022-03-13T15:32:23","slug":"taller-de-llum","status":"publish","type":"post","link":"https:\/\/agora.xtec.cat\/ceipvistaalegre\/infantil\/infantil-4-anys\/taller-de-llum\/","title":{"rendered":"TALLER DE LLUM"},"content":{"rendered":"<p>Els infants de P4 gaudeixen experimentant amb diferents materials, fent servir les taules de llum i el projector, a la sessi\u00f3 de Taller de llum. Fan les seves creacions amb imans translucids i diferents elements. Descobreixen el color, la transpar\u00e8ncia i l&#8217;opacitat. \u00c9s preci\u00f3s veure&#8217;ls gaudir mentre aprenen!!<\/p>\n<p style=\"text-align: center\"><a href=\"https:\/\/agora.xtec.cat\/ceipvistaalegre\/wp-content\/uploads\/usu1936\/2022\/03\/1647030368573_opt.jpg\"><img loading=\"lazy\" decoding=\"async\" class=\"alignnone  wp-image-6790\" src=\"https:\/\/agora.xtec.cat\/ceipvistaalegre\/wp-content\/uploads\/usu1936\/2022\/03\/1647030368573_opt.jpg\" alt=\"\" width=\"753\" height=\"753\" srcset=\"https:\/\/agora.xtec.cat\/ceipvistaalegre\/wp-content\/uploads\/usu1936\/2022\/03\/1647030368573_opt.jpg 800w, https:\/\/agora.xtec.cat\/ceipvistaalegre\/wp-content\/uploads\/usu1936\/2022\/03\/1647030368573_opt-300x300.jpg 300w, https:\/\/agora.xtec.cat\/ceipvistaalegre\/wp-content\/uploads\/usu1936\/2022\/03\/1647030368573_opt-150x150.jpg 150w, https:\/\/agora.xtec.cat\/ceipvistaalegre\/wp-content\/uploads\/usu1936\/2022\/03\/1647030368573_opt-768x768.jpg 768w\" sizes=\"auto, (max-width: 753px) 100vw, 753px\" \/><\/a><\/p>\n","protected":false},"excerpt":{"rendered":"<p>Els infants de P4 gaudeixen experimentant amb diferents materials, fent servir les taules de llum i el projector, a la sessi\u00f3 de Taller de llum. Fan les seves creacions amb imans translucids i diferents elements. Descobreixen el color, la transpar\u00e8ncia i l&#8217;opacitat. \u00c9s preci\u00f3s veure&#8217;ls&hellip;  <a href=\"https:\/\/agora.xtec.cat\/ceipvistaalegre\/infantil\/infantil-4-anys\/taller-de-llum\/\" title=\"Read TALLER DE LLUM\">Llegeix m\u00e9s\u00bb<\/a><\/p>\n","protected":false},"author":25,"featured_media":0,"comment_status":"open","ping_status":"closed","sticky":false,"template":"","format":"standard","meta":{"_bbp_topic_count":0,"_bbp_reply_count":0,"_bbp_total_topic_count":0,"_bbp_total_reply_count":0,"_bbp_voice_count":0,"_bbp_anonymous_reply_count":0,"_bbp_topic_count_hidden":0,"_bbp_reply_count_hidden":0,"_bbp_forum_subforum_count":0,"footnotes":""},"categories":[8],"tags":[],"class_list":["post-6789","post","type-post","status-publish","format-standard","hentry","category-infantil-4-anys"],"post_mailing_queue_ids":[],"_links":{"self":[{"href":"https:\/\/agora.xtec.cat\/ceipvistaalegre\/wp-json\/wp\/v2\/posts\/6789","targetHints":{"allow":["GET"]}}],"collection":[{"href":"https:\/\/agora.xtec.cat\/ceipvistaalegre\/wp-json\/wp\/v2\/posts"}],"about":[{"href":"https:\/\/agora.xtec.cat\/ceipvistaalegre\/wp-json\/wp\/v2\/types\/post"}],"author":[{"embeddable":true,"href":"https:\/\/agora.xtec.cat\/ceipvistaalegre\/wp-json\/wp\/v2\/users\/25"}],"replies":[{"embeddable":true,"href":"https:\/\/agora.xtec.cat\/ceipvistaalegre\/wp-json\/wp\/v2\/comments?post=6789"}],"version-history":[{"count":1,"href":"https:\/\/agora.xtec.cat\/ceipvistaalegre\/wp-json\/wp\/v2\/posts\/6789\/revisions"}],"predecessor-version":[{"id":6791,"href":"https:\/\/agora.xtec.cat\/ceipvistaalegre\/wp-json\/wp\/v2\/posts\/6789\/revisions\/6791"}],"wp:attachment":[{"href":"https:\/\/agora.xtec.cat\/ceipvistaalegre\/wp-json\/wp\/v2\/media?parent=6789"}],"wp:term":[{"taxonomy":"category","embeddable":true,"href":"https:\/\/agora.xtec.cat\/ceipvistaalegre\/wp-json\/wp\/v2\/categories?post=6789"},{"taxonomy":"post_tag","embeddable":true,"href":"https:\/\/agora.xtec.cat\/ceipvistaalegre\/wp-json\/wp\/v2\/tags?post=6789"}],"curies":[{"name":"wp","href":"https:\/\/api.w.org\/{rel}","templated":true}]}}