{"id":6785,"date":"2022-03-12T20:50:47","date_gmt":"2022-03-12T19:50:47","guid":{"rendered":"https:\/\/agora.xtec.cat\/ceipvistaalegre\/?p=6785"},"modified":"2022-03-12T20:50:58","modified_gmt":"2022-03-12T19:50:58","slug":"pablo-picasso-etapa-rosa","status":"publish","type":"post","link":"https:\/\/agora.xtec.cat\/ceipvistaalegre\/primaria\/5e\/pablo-picasso-etapa-rosa\/","title":{"rendered":"PABLO PICASSO ETAPA ROSA"},"content":{"rendered":"<p>Des de l&#8217;\u00e0rea de pl\u00e0stica s&#8217;est\u00e0 treballant el pintor i escultor Pablo Picasso. El per\u00edode rosa de Picasso, representa una \u00e8poca important en la vida i obra de l&#8217;artista, que va tenir un gran impacte en els desenvolupaments de l&#8217;art modern.<\/p>\n<p>En aquesta etapa de la seva vida, fa servir colors m\u00e9s c\u00e0lids, i sobretot el rosa adquireix protagonisme absolut en les seves obres.<\/p>\n<p><img loading=\"lazy\" decoding=\"async\" class=\"alignnone wp-image-6786\" src=\"https:\/\/agora.xtec.cat\/ceipvistaalegre\/wp-content\/uploads\/usu1936\/2022\/03\/WhatsApp-Image-2022-03-12-at-19.45.37-3-1024x768.jpeg\" alt=\"\" width=\"333\" height=\"250\" srcset=\"https:\/\/agora.xtec.cat\/ceipvistaalegre\/wp-content\/uploads\/usu1936\/2022\/03\/WhatsApp-Image-2022-03-12-at-19.45.37-3-1024x768.jpeg 1024w, https:\/\/agora.xtec.cat\/ceipvistaalegre\/wp-content\/uploads\/usu1936\/2022\/03\/WhatsApp-Image-2022-03-12-at-19.45.37-3-300x225.jpeg 300w, https:\/\/agora.xtec.cat\/ceipvistaalegre\/wp-content\/uploads\/usu1936\/2022\/03\/WhatsApp-Image-2022-03-12-at-19.45.37-3-768x576.jpeg 768w, https:\/\/agora.xtec.cat\/ceipvistaalegre\/wp-content\/uploads\/usu1936\/2022\/03\/WhatsApp-Image-2022-03-12-at-19.45.37-3-1536x1152.jpeg 1536w, https:\/\/agora.xtec.cat\/ceipvistaalegre\/wp-content\/uploads\/usu1936\/2022\/03\/WhatsApp-Image-2022-03-12-at-19.45.37-3-200x150.jpeg 200w, https:\/\/agora.xtec.cat\/ceipvistaalegre\/wp-content\/uploads\/usu1936\/2022\/03\/WhatsApp-Image-2022-03-12-at-19.45.37-3.jpeg 2048w\" sizes=\"auto, (max-width: 333px) 100vw, 333px\" \/> <a href=\"https:\/\/agora.xtec.cat\/ceipvistaalegre\/wp-content\/uploads\/usu1936\/2022\/03\/WhatsApp-Image-2022-03-12-at-19.45.37-4.jpeg\"><img loading=\"lazy\" decoding=\"async\" class=\"alignnone wp-image-6787\" src=\"https:\/\/agora.xtec.cat\/ceipvistaalegre\/wp-content\/uploads\/usu1936\/2022\/03\/WhatsApp-Image-2022-03-12-at-19.45.37-4-1024x768.jpeg\" alt=\"\" width=\"328\" height=\"246\" srcset=\"https:\/\/agora.xtec.cat\/ceipvistaalegre\/wp-content\/uploads\/usu1936\/2022\/03\/WhatsApp-Image-2022-03-12-at-19.45.37-4-1024x768.jpeg 1024w, https:\/\/agora.xtec.cat\/ceipvistaalegre\/wp-content\/uploads\/usu1936\/2022\/03\/WhatsApp-Image-2022-03-12-at-19.45.37-4-300x225.jpeg 300w, https:\/\/agora.xtec.cat\/ceipvistaalegre\/wp-content\/uploads\/usu1936\/2022\/03\/WhatsApp-Image-2022-03-12-at-19.45.37-4-768x576.jpeg 768w, https:\/\/agora.xtec.cat\/ceipvistaalegre\/wp-content\/uploads\/usu1936\/2022\/03\/WhatsApp-Image-2022-03-12-at-19.45.37-4-1536x1152.jpeg 1536w, https:\/\/agora.xtec.cat\/ceipvistaalegre\/wp-content\/uploads\/usu1936\/2022\/03\/WhatsApp-Image-2022-03-12-at-19.45.37-4-200x150.jpeg 200w, https:\/\/agora.xtec.cat\/ceipvistaalegre\/wp-content\/uploads\/usu1936\/2022\/03\/WhatsApp-Image-2022-03-12-at-19.45.37-4.jpeg 2048w\" sizes=\"auto, (max-width: 328px) 100vw, 328px\" \/><\/a><\/p>\n","protected":false},"excerpt":{"rendered":"<p>Des de l&#8217;\u00e0rea de pl\u00e0stica s&#8217;est\u00e0 treballant el pintor i escultor Pablo Picasso. El per\u00edode rosa de Picasso, representa una \u00e8poca important en la vida i obra de l&#8217;artista, que va tenir un gran impacte en els desenvolupaments de l&#8217;art modern.<br \/>\nEn aquesta etapa de la&hellip;  <a href=\"https:\/\/agora.xtec.cat\/ceipvistaalegre\/primaria\/5e\/pablo-picasso-etapa-rosa\/\" title=\"Read PABLO PICASSO ETAPA ROSA\">Llegeix m\u00e9s\u00bb<\/a><\/p>\n","protected":false},"author":18,"featured_media":0,"comment_status":"open","ping_status":"closed","sticky":false,"template":"","format":"standard","meta":{"_bbp_topic_count":0,"_bbp_reply_count":0,"_bbp_total_topic_count":0,"_bbp_total_reply_count":0,"_bbp_voice_count":0,"_bbp_anonymous_reply_count":0,"_bbp_topic_count_hidden":0,"_bbp_reply_count_hidden":0,"_bbp_forum_subforum_count":0,"footnotes":""},"categories":[14],"tags":[],"class_list":["post-6785","post","type-post","status-publish","format-standard","hentry","category-5e"],"post_mailing_queue_ids":[],"_links":{"self":[{"href":"https:\/\/agora.xtec.cat\/ceipvistaalegre\/wp-json\/wp\/v2\/posts\/6785","targetHints":{"allow":["GET"]}}],"collection":[{"href":"https:\/\/agora.xtec.cat\/ceipvistaalegre\/wp-json\/wp\/v2\/posts"}],"about":[{"href":"https:\/\/agora.xtec.cat\/ceipvistaalegre\/wp-json\/wp\/v2\/types\/post"}],"author":[{"embeddable":true,"href":"https:\/\/agora.xtec.cat\/ceipvistaalegre\/wp-json\/wp\/v2\/users\/18"}],"replies":[{"embeddable":true,"href":"https:\/\/agora.xtec.cat\/ceipvistaalegre\/wp-json\/wp\/v2\/comments?post=6785"}],"version-history":[{"count":1,"href":"https:\/\/agora.xtec.cat\/ceipvistaalegre\/wp-json\/wp\/v2\/posts\/6785\/revisions"}],"predecessor-version":[{"id":6788,"href":"https:\/\/agora.xtec.cat\/ceipvistaalegre\/wp-json\/wp\/v2\/posts\/6785\/revisions\/6788"}],"wp:attachment":[{"href":"https:\/\/agora.xtec.cat\/ceipvistaalegre\/wp-json\/wp\/v2\/media?parent=6785"}],"wp:term":[{"taxonomy":"category","embeddable":true,"href":"https:\/\/agora.xtec.cat\/ceipvistaalegre\/wp-json\/wp\/v2\/categories?post=6785"},{"taxonomy":"post_tag","embeddable":true,"href":"https:\/\/agora.xtec.cat\/ceipvistaalegre\/wp-json\/wp\/v2\/tags?post=6785"}],"curies":[{"name":"wp","href":"https:\/\/api.w.org\/{rel}","templated":true}]}}