{"id":6724,"date":"2022-03-07T18:39:19","date_gmt":"2022-03-07T17:39:19","guid":{"rendered":"https:\/\/agora.xtec.cat\/ceipvistaalegre\/?p=6724"},"modified":"2022-05-08T21:07:39","modified_gmt":"2022-05-08T19:07:39","slug":"experimentem-amb-el-foc","status":"publish","type":"post","link":"https:\/\/agora.xtec.cat\/ceipvistaalegre\/infantil\/infantil-4-anys\/experimentem-amb-el-foc\/","title":{"rendered":"EXPERIMENTEM AMB EL FOC"},"content":{"rendered":"<p>Els nens i nenes de la classe dels bombers hem expreimentat amb el foc d&#8217;una espelma. Hem enc\u00e9s l&#8217;espelma i l&#8217;hem posat dins d&#8217;un recipient amb aigua. Despr\u00e9s l&#8217;hem tapat amb un got de vidre i hem pogut veure que s&#8217;apaga en poc temps. Perqu\u00e8 s&#8217;apaga el foc? Els nens i nenes han donat els seus arguments:<\/p>\n<ul>\n<li>Perqu\u00e8 el got est\u00e0 fred<\/li>\n<li>Perqu\u00e8 li entra l&#8217;aigua<\/li>\n<li>Perqu\u00e8 no hi ha vent a dins<\/li>\n<li>Perqu\u00e8 no hi ha aire<\/li>\n<li>Perqu\u00e8 fa una bombolla i no el deixa sortir<\/li>\n<li>Despr\u00e9s hem fet el dibuix de l&#8217;experiment. <strong>Ens ha agradat molt experimentar!<\/strong><a href=\"https:\/\/agora.xtec.cat\/ceipvistaalegre\/wp-content\/uploads\/usu1936\/2022\/03\/1646673752289_opt.jpg\"><img loading=\"lazy\" decoding=\"async\" class=\"alignnone size-large wp-image-6725\" src=\"https:\/\/agora.xtec.cat\/ceipvistaalegre\/wp-content\/uploads\/usu1936\/2022\/03\/1646673752289_opt-768x1024.jpg\" alt=\"\" width=\"768\" height=\"1024\" srcset=\"https:\/\/agora.xtec.cat\/ceipvistaalegre\/wp-content\/uploads\/usu1936\/2022\/03\/1646673752289_opt-768x1024.jpg 768w, https:\/\/agora.xtec.cat\/ceipvistaalegre\/wp-content\/uploads\/usu1936\/2022\/03\/1646673752289_opt-225x300.jpg 225w, https:\/\/agora.xtec.cat\/ceipvistaalegre\/wp-content\/uploads\/usu1936\/2022\/03\/1646673752289_opt.jpg 1000w\" sizes=\"auto, (max-width: 768px) 100vw, 768px\" \/><\/a><\/li>\n<\/ul>\n","protected":false},"excerpt":{"rendered":"<p>Els nens i nenes de la classe dels bombers hem expreimentat amb el foc d&#8217;una espelma. Hem enc\u00e9s l&#8217;espelma i l&#8217;hem posat dins d&#8217;un recipient amb aigua. Despr\u00e9s l&#8217;hem tapat amb un got de vidre i hem pogut veure que s&#8217;apaga en poc temps. Perqu\u00e8&hellip;  <a href=\"https:\/\/agora.xtec.cat\/ceipvistaalegre\/infantil\/infantil-4-anys\/experimentem-amb-el-foc\/\" title=\"Read EXPERIMENTEM AMB EL FOC\">Llegeix m\u00e9s\u00bb<\/a><\/p>\n","protected":false},"author":25,"featured_media":0,"comment_status":"open","ping_status":"closed","sticky":false,"template":"","format":"standard","meta":{"_bbp_topic_count":0,"_bbp_reply_count":0,"_bbp_total_topic_count":0,"_bbp_total_reply_count":0,"_bbp_voice_count":0,"_bbp_anonymous_reply_count":0,"_bbp_topic_count_hidden":0,"_bbp_reply_count_hidden":0,"_bbp_forum_subforum_count":0,"footnotes":""},"categories":[8],"tags":[],"class_list":["post-6724","post","type-post","status-publish","format-standard","hentry","category-infantil-4-anys"],"post_mailing_queue_ids":[],"_links":{"self":[{"href":"https:\/\/agora.xtec.cat\/ceipvistaalegre\/wp-json\/wp\/v2\/posts\/6724","targetHints":{"allow":["GET"]}}],"collection":[{"href":"https:\/\/agora.xtec.cat\/ceipvistaalegre\/wp-json\/wp\/v2\/posts"}],"about":[{"href":"https:\/\/agora.xtec.cat\/ceipvistaalegre\/wp-json\/wp\/v2\/types\/post"}],"author":[{"embeddable":true,"href":"https:\/\/agora.xtec.cat\/ceipvistaalegre\/wp-json\/wp\/v2\/users\/25"}],"replies":[{"embeddable":true,"href":"https:\/\/agora.xtec.cat\/ceipvistaalegre\/wp-json\/wp\/v2\/comments?post=6724"}],"version-history":[{"count":2,"href":"https:\/\/agora.xtec.cat\/ceipvistaalegre\/wp-json\/wp\/v2\/posts\/6724\/revisions"}],"predecessor-version":[{"id":7121,"href":"https:\/\/agora.xtec.cat\/ceipvistaalegre\/wp-json\/wp\/v2\/posts\/6724\/revisions\/7121"}],"wp:attachment":[{"href":"https:\/\/agora.xtec.cat\/ceipvistaalegre\/wp-json\/wp\/v2\/media?parent=6724"}],"wp:term":[{"taxonomy":"category","embeddable":true,"href":"https:\/\/agora.xtec.cat\/ceipvistaalegre\/wp-json\/wp\/v2\/categories?post=6724"},{"taxonomy":"post_tag","embeddable":true,"href":"https:\/\/agora.xtec.cat\/ceipvistaalegre\/wp-json\/wp\/v2\/tags?post=6724"}],"curies":[{"name":"wp","href":"https:\/\/api.w.org\/{rel}","templated":true}]}}