{"id":6676,"date":"2022-03-01T10:37:10","date_gmt":"2022-03-01T09:37:10","guid":{"rendered":"https:\/\/agora.xtec.cat\/ceipvistaalegre\/?p=6676"},"modified":"2022-03-21T21:58:27","modified_gmt":"2022-03-21T20:58:27","slug":"preinscripcio-22-23","status":"publish","type":"post","link":"https:\/\/agora.xtec.cat\/ceipvistaalegre\/portada\/preinscripcio-22-23\/","title":{"rendered":"Preinscripci\u00f3 22\/23"},"content":{"rendered":"<p><a href=\"https:\/\/agora.xtec.cat\/ceipvistaalegre\/wp-content\/uploads\/usu1936\/2022\/03\/cartell-preins-obligatoria.png\"><img loading=\"lazy\" decoding=\"async\" class=\" wp-image-6677 aligncenter\" src=\"https:\/\/agora.xtec.cat\/ceipvistaalegre\/wp-content\/uploads\/usu1936\/2022\/03\/cartell-preins-obligatoria.png\" alt=\"\" width=\"453\" height=\"634\" srcset=\"https:\/\/agora.xtec.cat\/ceipvistaalegre\/wp-content\/uploads\/usu1936\/2022\/03\/cartell-preins-obligatoria.png 523w, https:\/\/agora.xtec.cat\/ceipvistaalegre\/wp-content\/uploads\/usu1936\/2022\/03\/cartell-preins-obligatoria-214x300.png 214w\" sizes=\"auto, (max-width: 453px) 100vw, 453px\" \/><\/a><\/p>\n<p style=\"text-align: center;\"><a href=\"https:\/\/preinscripcio.gencat.cat\/ca\/inici\/\">PREINSCRIPCI\u00d3 2022\/23<\/a><\/p>\n<p>Espai d&#8217;acompanyament per a les fam\u00edlies en el proc\u00e9s de la preinscripci\u00f3 escolar. Material audiovisual de l&#8217;apartat Centre de suport (v\u00eddeos i podcasts), en qu\u00e8 s&#8217;explica amb tot detall tota la informaci\u00f3 relacionada amb el proc\u00e9s.<\/p>\n","protected":false},"excerpt":{"rendered":"<p><a href=\"https:\/\/agora.xtec.cat\/ceipvistaalegre\/wp-content\/uploads\/usu1936\/2022\/03\/cartell-preins-obligatoria.png\"><\/a><br \/>\n<a href=\"https:\/\/preinscripcio.gencat.cat\/ca\/inici\/\">PREINSCRIPCI\u00d3 2022\/23<\/a><br \/>\nEspai d&#8217;acompanyament per a les fam\u00edlies en el proc\u00e9s de la preinscripci\u00f3 escolar. Material audiovisual de l&#8217;apartat Centre de suport (v\u00eddeos i podcasts), en qu\u00e8 s&#8217;explica amb tot detall tota la informaci\u00f3 relacionada amb el proc\u00e9s.<\/p>\n","protected":false},"author":3,"featured_media":0,"comment_status":"open","ping_status":"closed","sticky":false,"template":"","format":"standard","meta":{"_bbp_topic_count":0,"_bbp_reply_count":0,"_bbp_total_topic_count":0,"_bbp_total_reply_count":0,"_bbp_voice_count":0,"_bbp_anonymous_reply_count":0,"_bbp_topic_count_hidden":0,"_bbp_reply_count_hidden":0,"_bbp_forum_subforum_count":0,"footnotes":""},"categories":[4,179],"tags":[],"class_list":["post-6676","post","type-post","status-publish","format-standard","hentry","category-portada","category-preinscripcio-i-matricula-23-24"],"post_mailing_queue_ids":[],"_links":{"self":[{"href":"https:\/\/agora.xtec.cat\/ceipvistaalegre\/wp-json\/wp\/v2\/posts\/6676","targetHints":{"allow":["GET"]}}],"collection":[{"href":"https:\/\/agora.xtec.cat\/ceipvistaalegre\/wp-json\/wp\/v2\/posts"}],"about":[{"href":"https:\/\/agora.xtec.cat\/ceipvistaalegre\/wp-json\/wp\/v2\/types\/post"}],"author":[{"embeddable":true,"href":"https:\/\/agora.xtec.cat\/ceipvistaalegre\/wp-json\/wp\/v2\/users\/3"}],"replies":[{"embeddable":true,"href":"https:\/\/agora.xtec.cat\/ceipvistaalegre\/wp-json\/wp\/v2\/comments?post=6676"}],"version-history":[{"count":1,"href":"https:\/\/agora.xtec.cat\/ceipvistaalegre\/wp-json\/wp\/v2\/posts\/6676\/revisions"}],"predecessor-version":[{"id":6678,"href":"https:\/\/agora.xtec.cat\/ceipvistaalegre\/wp-json\/wp\/v2\/posts\/6676\/revisions\/6678"}],"wp:attachment":[{"href":"https:\/\/agora.xtec.cat\/ceipvistaalegre\/wp-json\/wp\/v2\/media?parent=6676"}],"wp:term":[{"taxonomy":"category","embeddable":true,"href":"https:\/\/agora.xtec.cat\/ceipvistaalegre\/wp-json\/wp\/v2\/categories?post=6676"},{"taxonomy":"post_tag","embeddable":true,"href":"https:\/\/agora.xtec.cat\/ceipvistaalegre\/wp-json\/wp\/v2\/tags?post=6676"}],"curies":[{"name":"wp","href":"https:\/\/api.w.org\/{rel}","templated":true}]}}