{"id":6628,"date":"2022-02-25T19:22:22","date_gmt":"2022-02-25T18:22:22","guid":{"rendered":"https:\/\/agora.xtec.cat\/ceipvistaalegre\/?p=6628"},"modified":"2022-02-25T20:34:37","modified_gmt":"2022-02-25T19:34:37","slug":"carnaval-2022-2","status":"publish","type":"post","link":"https:\/\/agora.xtec.cat\/ceipvistaalegre\/portada\/carnaval-2022-2\/","title":{"rendered":"CARNAVAL 2022"},"content":{"rendered":"<p><a href=\"https:\/\/agora.xtec.cat\/ceipvistaalegre\/wp-content\/uploads\/usu1936\/2022\/02\/Carnaval-2022.jpg\"><img loading=\"lazy\" decoding=\"async\" class=\"wp-image-6629 aligncenter\" src=\"https:\/\/agora.xtec.cat\/ceipvistaalegre\/wp-content\/uploads\/usu1936\/2022\/02\/Carnaval-2022-1024x1024.jpg\" alt=\"\" width=\"154\" height=\"154\" srcset=\"https:\/\/agora.xtec.cat\/ceipvistaalegre\/wp-content\/uploads\/usu1936\/2022\/02\/Carnaval-2022-1024x1024.jpg 1024w, https:\/\/agora.xtec.cat\/ceipvistaalegre\/wp-content\/uploads\/usu1936\/2022\/02\/Carnaval-2022-300x300.jpg 300w, https:\/\/agora.xtec.cat\/ceipvistaalegre\/wp-content\/uploads\/usu1936\/2022\/02\/Carnaval-2022-150x150.jpg 150w, https:\/\/agora.xtec.cat\/ceipvistaalegre\/wp-content\/uploads\/usu1936\/2022\/02\/Carnaval-2022-768x768.jpg 768w, https:\/\/agora.xtec.cat\/ceipvistaalegre\/wp-content\/uploads\/usu1936\/2022\/02\/Carnaval-2022.jpg 1080w\" sizes=\"auto, (max-width: 154px) 100vw, 154px\" \/><\/a><\/p>\n<p>Despr\u00e9s d&#8217;una setmana esbojarrada, per fi ha arribat el gran dia: <strong>DIVENDRES DE CARNAVAL! \ud83c\udf89<\/strong><\/p>\n<p>Al mat\u00ed, rebuda de la Reina Carnestoltes \ud83d\udc51, la m\u00e9s poca-soltes! Com que ve del m\u00f3n dels menjars, l&#8217;hem rebut amb corones d&#8217;aliments: pizza \ud83c\udf55gelats \ud83c\udf66 tacos mexicans \ud83c\udf2e patates i hamburgueses \ud83c\udf54 sushi \ud83c\udf63 i pasta italiana \ud83c\udf5d I com que per carnaval tot s&#8217;hi val, li hem llegit les nostres peticions boges i ella ens ha portat molta gresca. No sabem si ens far\u00e0 molt de cas, perqu\u00e8 nom\u00e9s li agrada la festa&#8230;<\/p>\n<p>I a la tarda&#8230; <strong>TOTHOM DISFRESSAT!<\/strong> Despr\u00e9s de tant de temps, hem pogut tornar a gaudir d&#8217;un carnaval tots i totes junts, com feia molt de temps que no f\u00e8iem! Hem ballat, hem cantat i hem berenat galetes amb xocolata. Una tarda ben divertida!<\/p>\n<p>Si voleu veure les fotos dels dos actes del dia d&#8217;avui, podeu clicar els enlla\u00e7os. Esperem que us agradin! Bon Carnaval!<\/p>\n<p><a href=\"https:\/\/drive.google.com\/drive\/folders\/19SvDjOmew3vnDRNY0sJDQOYVou4ZF9my?usp=sharing\">ARRIBADA REINA CARNESTOLTES<\/a>: Lectura de peticions i fotos per grups.<\/p>\n<p><a href=\"https:\/\/drive.google.com\/drive\/folders\/19TP2FL4FT4bJjeofFAKogIjjFv0nNyE0?usp=sharing\">DESFILADA CARNAVAL<\/a>: Desfilada, balls i berenar.<\/p>\n","protected":false},"excerpt":{"rendered":"<p><a href=\"https:\/\/agora.xtec.cat\/ceipvistaalegre\/wp-content\/uploads\/usu1936\/2022\/02\/Carnaval-2022.jpg\"><\/a><br \/>\nDespr\u00e9s d&#8217;una setmana esbojarrada, per fi ha arribat el gran dia: DIVENDRES DE CARNAVAL! \ud83c\udf89<br \/>\nAl mat\u00ed, rebuda de la Reina Carnestoltes \ud83d\udc51, la m\u00e9s poca-soltes! Com que ve del m\u00f3n dels menjars, l&#8217;hem rebut amb corones d&#8217;aliments: pizza \ud83c\udf55gelats \ud83c\udf66 tacos mexicans \ud83c\udf2e patates&hellip;  <a href=\"https:\/\/agora.xtec.cat\/ceipvistaalegre\/portada\/carnaval-2022-2\/\" title=\"Read CARNAVAL 2022\">Llegeix m\u00e9s\u00bb<\/a><\/p>\n","protected":false},"author":3,"featured_media":0,"comment_status":"open","ping_status":"closed","sticky":false,"template":"","format":"standard","meta":{"_bbp_topic_count":0,"_bbp_reply_count":0,"_bbp_total_topic_count":0,"_bbp_total_reply_count":0,"_bbp_voice_count":0,"_bbp_anonymous_reply_count":0,"_bbp_topic_count_hidden":0,"_bbp_reply_count_hidden":0,"_bbp_forum_subforum_count":0,"footnotes":""},"categories":[4],"tags":[],"class_list":["post-6628","post","type-post","status-publish","format-standard","hentry","category-portada"],"post_mailing_queue_ids":[],"_links":{"self":[{"href":"https:\/\/agora.xtec.cat\/ceipvistaalegre\/wp-json\/wp\/v2\/posts\/6628","targetHints":{"allow":["GET"]}}],"collection":[{"href":"https:\/\/agora.xtec.cat\/ceipvistaalegre\/wp-json\/wp\/v2\/posts"}],"about":[{"href":"https:\/\/agora.xtec.cat\/ceipvistaalegre\/wp-json\/wp\/v2\/types\/post"}],"author":[{"embeddable":true,"href":"https:\/\/agora.xtec.cat\/ceipvistaalegre\/wp-json\/wp\/v2\/users\/3"}],"replies":[{"embeddable":true,"href":"https:\/\/agora.xtec.cat\/ceipvistaalegre\/wp-json\/wp\/v2\/comments?post=6628"}],"version-history":[{"count":2,"href":"https:\/\/agora.xtec.cat\/ceipvistaalegre\/wp-json\/wp\/v2\/posts\/6628\/revisions"}],"predecessor-version":[{"id":6631,"href":"https:\/\/agora.xtec.cat\/ceipvistaalegre\/wp-json\/wp\/v2\/posts\/6628\/revisions\/6631"}],"wp:attachment":[{"href":"https:\/\/agora.xtec.cat\/ceipvistaalegre\/wp-json\/wp\/v2\/media?parent=6628"}],"wp:term":[{"taxonomy":"category","embeddable":true,"href":"https:\/\/agora.xtec.cat\/ceipvistaalegre\/wp-json\/wp\/v2\/categories?post=6628"},{"taxonomy":"post_tag","embeddable":true,"href":"https:\/\/agora.xtec.cat\/ceipvistaalegre\/wp-json\/wp\/v2\/tags?post=6628"}],"curies":[{"name":"wp","href":"https:\/\/api.w.org\/{rel}","templated":true}]}}