{"id":6550,"date":"2022-02-22T13:37:03","date_gmt":"2022-02-22T12:37:03","guid":{"rendered":"https:\/\/agora.xtec.cat\/ceipvistaalegre\/?p=6550"},"modified":"2022-02-22T13:37:03","modified_gmt":"2022-02-22T12:37:03","slug":"p3-comencem-lescola","status":"publish","type":"post","link":"https:\/\/agora.xtec.cat\/ceipvistaalegre\/preinscripcio-i-matricula-23-24\/p3-comencem-lescola\/","title":{"rendered":"P3, comencem l&#8217;escola"},"content":{"rendered":"<p><img loading=\"lazy\" decoding=\"async\" class=\"aligncenter\" src=\"https:\/\/i0.wp.com\/viridianasalper.com\/wp-content\/uploads\/2015\/01\/lapices.jpg\" alt=\"\u25b7 Tipos de l\u00e1pices de colores\" width=\"286\" height=\"214\" \/><\/p>\n<p>Comen\u00e7ar l&#8217;escola a P3 \u00e9s un nou repte per als vostres fills i filles. Hem de tenir eines per fer un bon acompanyament emocional per comen\u00e7ar aquesta nova etapa de la millor manera possible.<\/p>\n<p>Per a molts infants \u00e9s el primer contacte que tenen amb el medi escolar. Passen d&#8217;estar amb la fam\u00edlia a un espai desconegut, amb companys i companyes nous i un mestre o una mestra que no coneixen. Tot i que hi ha molts infants que ja han passat per l&#8217;experi\u00e8ncia de la llar d&#8217;infants, tamb\u00e9 es trobaran amb nous companys i mestres i amb un lloc que els semblar\u00e0 immens.<\/p>\n<p>Tots aquests canvis poden crear en els infants angoixa, por, nervis, incertesa\u2026<\/p>\n<p>Per tant, per poder acompanyar-los en tot aquest proc\u00e9s \u00e9s necessari con\u00e8ixer qu\u00e8 implica tot aix\u00f2 per als fills i filles. Aix\u00ed mateix, cal tenir en compte que cada infant pot necessitar m\u00e9s o menys temps d&#8217;adaptaci\u00f3, i pot viure aquest proc\u00e9s de manera diferent. Per exemple, poden expressar nerviosisme de moltes maneres, com ara fent regressions en h\u00e0bits que ja tenien assolits: demanant que els ajudeu a menjar, fent-se pip\u00ed&#8230; A m\u00e9s, poden estar neguitosos a casa, i despertar-se a les nits, tenir menys gana, fer m\u00e9s rebequeries, etc. Sigui com sigui heu de saber que aquests comportaments s\u00f3n normals i l&#8217;important \u00e9s saber com ajudar-los en aquest proc\u00e9s.<\/p>\n<p>Les jornades de portes obertes a les escoles us permetran visitar-les i con\u00e8ixer de ben a prop aquelles que m\u00e9s us interessin. Tamb\u00e9 trobareu tota la informaci\u00f3 possible a trav\u00e9s de les p\u00e0gines web.<\/p>\n<p><strong>Per facilitar el pas a l&#8217;escola, a l&#8217;escola Vista Alegre planifiquem el per\u00edode d&#8217;adaptaci\u00f3 per tal d\u2019ajudar els vostres fills i filles a trobar-se a gust en el nou espai, i perqu\u00e8 coneguin el mestre o la mestra i els nous companys.<\/strong><\/p>\n<p><strong>Per acompanyar-los en el proc\u00e9s d&#8217;adaptaci\u00f3 l&#8217;escola porta a terme diverses actuacions:<\/strong><\/p>\n<ul>\n<li><strong>Adaptem el calendari i els horaris durant els primers dies per fer una adaptaci\u00f3 m\u00e9s esglaonada i poder atendre els infants en petits grups.<\/strong><\/li>\n<li><strong>Es planifiquen activitats i jocs per con\u00e8ixer els infants i perqu\u00e8 es coneguin entre ells.<\/strong><\/li>\n<li><strong>Hi ha m\u00e9s mestres a l&#8217;aula per atendre les necessitats dels infants.<\/strong><\/li>\n<li><strong>Es convoca les fam\u00edlies a una reuni\u00f3 i\/o entrevista amb el tutor o tutora per a con\u00e8ixer-vos m\u00fatuament i compartir informaci\u00f3.<\/strong><\/li>\n<li><strong>Us demanen d&#8217;emplenar un q\u00fcestionari d&#8217;informaci\u00f3 per con\u00e8ixer millor els vostres fills i filles.<\/strong><\/li>\n<\/ul>\n<p>Tot aquest proc\u00e9s pot crear-vos tamb\u00e9 una mica de neguit i segurament us sorgiran molts dubtes: plorar\u00e0 gaire? quan dura aquest proc\u00e9s? hi ha difer\u00e8ncia entre els nens que han anat a la llar d&#8217;infants i els que no? i si al pati est\u00e0 sol o sola? Una bona relaci\u00f3 i comunicaci\u00f3 amb l&#8217;escola i el tutor o tutora us ajudar\u00e0 a resoldre els dubtes que tingueu i us donar\u00e0 confian\u00e7a per afrontar aquesta etapa amb naturalitat.<\/p>\n<p>El proc\u00e9s d&#8217;adaptaci\u00f3 a l&#8217;escola requereix temps, paci\u00e8ncia, respecte, comprensi\u00f3 i afecte per part de la fam\u00edlia i l&#8217;escola. Poc a poc, els vostres fills i filles aniran agafant confian\u00e7a i superant les pors dels primers dies fins que es trobin emocionalment segurs a la classe i estableixin un vincle afectiu amb el mestre o mestra i els companys. La col\u00b7laboraci\u00f3 i la corresponsabilitat entre fam\u00edlia i escola ajudar\u00e0 els vostres fills i filles a adaptar-se al nou espai i comen\u00e7ar la seva escolaritat de forma positiva.<\/p>\n","protected":false},"excerpt":{"rendered":"<p>Comen\u00e7ar l&#8217;escola a P3 \u00e9s un nou repte per als vostres fills i filles. Hem de tenir eines per fer un bon acompanyament emocional per comen\u00e7ar aquesta nova etapa de la millor manera possible.<br \/>\nPer a molts infants \u00e9s el primer contacte que tenen amb el&hellip;  <a href=\"https:\/\/agora.xtec.cat\/ceipvistaalegre\/preinscripcio-i-matricula-23-24\/p3-comencem-lescola\/\" title=\"Read P3, comencem l&#8217;escola\">Llegeix m\u00e9s\u00bb<\/a><\/p>\n","protected":false},"author":3,"featured_media":0,"comment_status":"open","ping_status":"closed","sticky":false,"template":"","format":"standard","meta":{"_bbp_topic_count":0,"_bbp_reply_count":0,"_bbp_total_topic_count":0,"_bbp_total_reply_count":0,"_bbp_voice_count":0,"_bbp_anonymous_reply_count":0,"_bbp_topic_count_hidden":0,"_bbp_reply_count_hidden":0,"_bbp_forum_subforum_count":0,"footnotes":""},"categories":[179],"tags":[],"class_list":["post-6550","post","type-post","status-publish","format-standard","hentry","category-preinscripcio-i-matricula-23-24"],"post_mailing_queue_ids":[],"_links":{"self":[{"href":"https:\/\/agora.xtec.cat\/ceipvistaalegre\/wp-json\/wp\/v2\/posts\/6550","targetHints":{"allow":["GET"]}}],"collection":[{"href":"https:\/\/agora.xtec.cat\/ceipvistaalegre\/wp-json\/wp\/v2\/posts"}],"about":[{"href":"https:\/\/agora.xtec.cat\/ceipvistaalegre\/wp-json\/wp\/v2\/types\/post"}],"author":[{"embeddable":true,"href":"https:\/\/agora.xtec.cat\/ceipvistaalegre\/wp-json\/wp\/v2\/users\/3"}],"replies":[{"embeddable":true,"href":"https:\/\/agora.xtec.cat\/ceipvistaalegre\/wp-json\/wp\/v2\/comments?post=6550"}],"version-history":[{"count":1,"href":"https:\/\/agora.xtec.cat\/ceipvistaalegre\/wp-json\/wp\/v2\/posts\/6550\/revisions"}],"predecessor-version":[{"id":6551,"href":"https:\/\/agora.xtec.cat\/ceipvistaalegre\/wp-json\/wp\/v2\/posts\/6550\/revisions\/6551"}],"wp:attachment":[{"href":"https:\/\/agora.xtec.cat\/ceipvistaalegre\/wp-json\/wp\/v2\/media?parent=6550"}],"wp:term":[{"taxonomy":"category","embeddable":true,"href":"https:\/\/agora.xtec.cat\/ceipvistaalegre\/wp-json\/wp\/v2\/categories?post=6550"},{"taxonomy":"post_tag","embeddable":true,"href":"https:\/\/agora.xtec.cat\/ceipvistaalegre\/wp-json\/wp\/v2\/tags?post=6550"}],"curies":[{"name":"wp","href":"https:\/\/api.w.org\/{rel}","templated":true}]}}