{"id":6511,"date":"2022-02-21T09:13:12","date_gmt":"2022-02-21T08:13:12","guid":{"rendered":"https:\/\/agora.xtec.cat\/ceipvistaalegre\/?p=6511"},"modified":"2022-02-21T09:13:12","modified_gmt":"2022-02-21T08:13:12","slug":"sortida-a-can-mas-pascual","status":"publish","type":"post","link":"https:\/\/agora.xtec.cat\/ceipvistaalegre\/infantil\/infantil-3-anys\/sortida-a-can-mas-pascual\/","title":{"rendered":"SORTIDA A CAN MAS PASCUAL"},"content":{"rendered":"<p>El 17 de febrer els conillets i les conilletes de P3 van anar d\u2019excursi\u00f3 a la granja can Mas Pascual, \u00a0a Palaud\u00e0ries. Amb aquesta sortida van completar el projecte dels conills que estan estudiant a la classe. Van poder observar, tocar i agafar conills. Veure com \u00e9s el seu cos, com viu un conill de granja i qu\u00e8 menja. Tamb\u00e9 van fer un passeig pel bosc, per buscar els caus dels conills salvatges i van trobar v\u00e0ries llodrigueres.<\/p>\n<p>Despr\u00e9s van donar de menjar a les vaques, a les gallines, van fer un passeig en poni. I per acabar, un passeig en tractor.<\/p>\n<p>Va ser una sortida molt vivencial, enriquidora i molt divertida.<\/p>\n<p><a href=\"https:\/\/agora.xtec.cat\/ceipvistaalegre\/wp-content\/uploads\/usu1936\/2022\/02\/Jam-sense-titol-1-1.jpg\"><img loading=\"lazy\" decoding=\"async\" class=\"alignnone size-full wp-image-6514\" src=\"https:\/\/agora.xtec.cat\/ceipvistaalegre\/wp-content\/uploads\/usu1936\/2022\/02\/Jam-sense-titol-1-1.jpg\" alt=\"\" width=\"448\" height=\"252\" srcset=\"https:\/\/agora.xtec.cat\/ceipvistaalegre\/wp-content\/uploads\/usu1936\/2022\/02\/Jam-sense-titol-1-1.jpg 448w, https:\/\/agora.xtec.cat\/ceipvistaalegre\/wp-content\/uploads\/usu1936\/2022\/02\/Jam-sense-titol-1-1-300x169.jpg 300w\" sizes=\"auto, (max-width: 448px) 100vw, 448px\" \/><\/a><\/p>\n","protected":false},"excerpt":{"rendered":"<p>El 17 de febrer els conillets i les conilletes de P3 van anar d\u2019excursi\u00f3 a la granja can Mas Pascual, \u00a0a Palaud\u00e0ries. Amb aquesta sortida van completar el projecte dels conills que estan estudiant a la classe. Van poder observar, tocar i agafar conills. Veure&hellip;  <a href=\"https:\/\/agora.xtec.cat\/ceipvistaalegre\/infantil\/infantil-3-anys\/sortida-a-can-mas-pascual\/\" title=\"Read SORTIDA A CAN MAS PASCUAL\">Llegeix m\u00e9s\u00bb<\/a><\/p>\n","protected":false},"author":15,"featured_media":6497,"comment_status":"open","ping_status":"closed","sticky":false,"template":"","format":"standard","meta":{"_bbp_topic_count":0,"_bbp_reply_count":0,"_bbp_total_topic_count":0,"_bbp_total_reply_count":0,"_bbp_voice_count":0,"_bbp_anonymous_reply_count":0,"_bbp_topic_count_hidden":0,"_bbp_reply_count_hidden":0,"_bbp_forum_subforum_count":0,"footnotes":""},"categories":[3],"tags":[],"class_list":["post-6511","post","type-post","status-publish","format-standard","has-post-thumbnail","hentry","category-infantil-3-anys"],"post_mailing_queue_ids":[],"_links":{"self":[{"href":"https:\/\/agora.xtec.cat\/ceipvistaalegre\/wp-json\/wp\/v2\/posts\/6511","targetHints":{"allow":["GET"]}}],"collection":[{"href":"https:\/\/agora.xtec.cat\/ceipvistaalegre\/wp-json\/wp\/v2\/posts"}],"about":[{"href":"https:\/\/agora.xtec.cat\/ceipvistaalegre\/wp-json\/wp\/v2\/types\/post"}],"author":[{"embeddable":true,"href":"https:\/\/agora.xtec.cat\/ceipvistaalegre\/wp-json\/wp\/v2\/users\/15"}],"replies":[{"embeddable":true,"href":"https:\/\/agora.xtec.cat\/ceipvistaalegre\/wp-json\/wp\/v2\/comments?post=6511"}],"version-history":[{"count":2,"href":"https:\/\/agora.xtec.cat\/ceipvistaalegre\/wp-json\/wp\/v2\/posts\/6511\/revisions"}],"predecessor-version":[{"id":6515,"href":"https:\/\/agora.xtec.cat\/ceipvistaalegre\/wp-json\/wp\/v2\/posts\/6511\/revisions\/6515"}],"wp:featuredmedia":[{"embeddable":true,"href":"https:\/\/agora.xtec.cat\/ceipvistaalegre\/wp-json\/wp\/v2\/media\/6497"}],"wp:attachment":[{"href":"https:\/\/agora.xtec.cat\/ceipvistaalegre\/wp-json\/wp\/v2\/media?parent=6511"}],"wp:term":[{"taxonomy":"category","embeddable":true,"href":"https:\/\/agora.xtec.cat\/ceipvistaalegre\/wp-json\/wp\/v2\/categories?post=6511"},{"taxonomy":"post_tag","embeddable":true,"href":"https:\/\/agora.xtec.cat\/ceipvistaalegre\/wp-json\/wp\/v2\/tags?post=6511"}],"curies":[{"name":"wp","href":"https:\/\/api.w.org\/{rel}","templated":true}]}}