{"id":6437,"date":"2022-02-08T19:42:01","date_gmt":"2022-02-08T18:42:01","guid":{"rendered":"https:\/\/agora.xtec.cat\/ceipvistaalegre\/?p=6437"},"modified":"2022-02-08T19:42:01","modified_gmt":"2022-02-08T18:42:01","slug":"per-que-la-lluna-no-sempre-es-veu-igual","status":"publish","type":"post","link":"https:\/\/agora.xtec.cat\/ceipvistaalegre\/primaria\/per-que-la-lluna-no-sempre-es-veu-igual\/","title":{"rendered":"Per qu\u00e8 la lluna no sempre es veu igual?"},"content":{"rendered":"<p>A la classe de 4t hem experimentat amb globus terraq\u00fcis, llunes de porexpan pintades i llanternes com passa la lluna per les seves quatre fases. Hem apr\u00e8s que la llu<a href=\"https:\/\/agora.xtec.cat\/ceipvistaalegre\/wp-content\/uploads\/usu1936\/2022\/02\/Diseno-sin-titulo.jpg\"><img loading=\"lazy\" decoding=\"async\" class=\"wp-image-6438 alignright\" src=\"https:\/\/agora.xtec.cat\/ceipvistaalegre\/wp-content\/uploads\/usu1936\/2022\/02\/Diseno-sin-titulo-1024x724.jpg\" alt=\"\" width=\"284\" height=\"200\" srcset=\"https:\/\/agora.xtec.cat\/ceipvistaalegre\/wp-content\/uploads\/usu1936\/2022\/02\/Diseno-sin-titulo-1024x724.jpg 1024w, https:\/\/agora.xtec.cat\/ceipvistaalegre\/wp-content\/uploads\/usu1936\/2022\/02\/Diseno-sin-titulo-300x212.jpg 300w, https:\/\/agora.xtec.cat\/ceipvistaalegre\/wp-content\/uploads\/usu1936\/2022\/02\/Diseno-sin-titulo-768x543.jpg 768w, https:\/\/agora.xtec.cat\/ceipvistaalegre\/wp-content\/uploads\/usu1936\/2022\/02\/Diseno-sin-titulo-1536x1086.jpg 1536w, https:\/\/agora.xtec.cat\/ceipvistaalegre\/wp-content\/uploads\/usu1936\/2022\/02\/Diseno-sin-titulo-2048x1448.jpg 2048w\" sizes=\"auto, (max-width: 284px) 100vw, 284px\" \/><\/a>na va canviant de mica en mica, i al cap de set dies ja es troba en una altra fase. La lluna preferida per tots \u00e9s la plena i ens hem anotat a l&#8217;agenda els dies que hi ser\u00e0 per poder observar-la i gaudir.<\/p>\n<p>Aqu\u00ed teniu una petita mostra de fotos. A final de trimestre, tindreu acc\u00e9s a tot els v\u00eddeos que vam gravar.<\/p>\n","protected":false},"excerpt":{"rendered":"<p>A la classe de 4t hem experimentat amb globus terraq\u00fcis, llunes de porexpan pintades i llanternes com passa la lluna per les seves quatre fases. Hem apr\u00e8s que la llu<a href=\"https:\/\/agora.xtec.cat\/ceipvistaalegre\/wp-content\/uploads\/usu1936\/2022\/02\/Diseno-sin-titulo.jpg\"><\/a>na va canviant de mica en mica, i al cap de set dies ja es&hellip;  <a href=\"https:\/\/agora.xtec.cat\/ceipvistaalegre\/primaria\/per-que-la-lluna-no-sempre-es-veu-igual\/\" title=\"Read Per qu\u00e8 la lluna no sempre es veu igual?\">Llegeix m\u00e9s\u00bb<\/a><\/p>\n","protected":false},"author":7,"featured_media":6241,"comment_status":"open","ping_status":"closed","sticky":false,"template":"","format":"standard","meta":{"_bbp_topic_count":0,"_bbp_reply_count":0,"_bbp_total_topic_count":0,"_bbp_total_reply_count":0,"_bbp_voice_count":0,"_bbp_anonymous_reply_count":0,"_bbp_topic_count_hidden":0,"_bbp_reply_count_hidden":0,"_bbp_forum_subforum_count":0,"footnotes":""},"categories":[13,5],"tags":[],"class_list":["post-6437","post","type-post","status-publish","format-standard","has-post-thumbnail","hentry","category-4t","category-primaria"],"post_mailing_queue_ids":[],"_links":{"self":[{"href":"https:\/\/agora.xtec.cat\/ceipvistaalegre\/wp-json\/wp\/v2\/posts\/6437","targetHints":{"allow":["GET"]}}],"collection":[{"href":"https:\/\/agora.xtec.cat\/ceipvistaalegre\/wp-json\/wp\/v2\/posts"}],"about":[{"href":"https:\/\/agora.xtec.cat\/ceipvistaalegre\/wp-json\/wp\/v2\/types\/post"}],"author":[{"embeddable":true,"href":"https:\/\/agora.xtec.cat\/ceipvistaalegre\/wp-json\/wp\/v2\/users\/7"}],"replies":[{"embeddable":true,"href":"https:\/\/agora.xtec.cat\/ceipvistaalegre\/wp-json\/wp\/v2\/comments?post=6437"}],"version-history":[{"count":1,"href":"https:\/\/agora.xtec.cat\/ceipvistaalegre\/wp-json\/wp\/v2\/posts\/6437\/revisions"}],"predecessor-version":[{"id":6439,"href":"https:\/\/agora.xtec.cat\/ceipvistaalegre\/wp-json\/wp\/v2\/posts\/6437\/revisions\/6439"}],"wp:featuredmedia":[{"embeddable":true,"href":"https:\/\/agora.xtec.cat\/ceipvistaalegre\/wp-json\/wp\/v2\/media\/6241"}],"wp:attachment":[{"href":"https:\/\/agora.xtec.cat\/ceipvistaalegre\/wp-json\/wp\/v2\/media?parent=6437"}],"wp:term":[{"taxonomy":"category","embeddable":true,"href":"https:\/\/agora.xtec.cat\/ceipvistaalegre\/wp-json\/wp\/v2\/categories?post=6437"},{"taxonomy":"post_tag","embeddable":true,"href":"https:\/\/agora.xtec.cat\/ceipvistaalegre\/wp-json\/wp\/v2\/tags?post=6437"}],"curies":[{"name":"wp","href":"https:\/\/api.w.org\/{rel}","templated":true}]}}