{"id":6051,"date":"2022-01-26T16:20:46","date_gmt":"2022-01-26T15:20:46","guid":{"rendered":"https:\/\/agora.xtec.cat\/ceipvistaalegre\/?p=6051"},"modified":"2022-03-01T22:04:01","modified_gmt":"2022-03-01T21:04:01","slug":"jornada-de-portes-obertes","status":"publish","type":"post","link":"https:\/\/agora.xtec.cat\/ceipvistaalegre\/portada\/jornada-de-portes-obertes\/","title":{"rendered":"JORNADA DE PORTES OBERTES"},"content":{"rendered":"<p style=\"text-align: center;\"><a href=\"https:\/\/agora.xtec.cat\/ceipvistaalegre\/wp-content\/uploads\/usu1936\/2022\/01\/Portes-obertes-WEB.png\"><img loading=\"lazy\" decoding=\"async\" class=\"alignnone wp-image-6473\" src=\"https:\/\/agora.xtec.cat\/ceipvistaalegre\/wp-content\/uploads\/usu1936\/2022\/01\/Portes-obertes-WEB-724x1024.png\" alt=\"\" width=\"655\" height=\"928\" srcset=\"https:\/\/agora.xtec.cat\/ceipvistaalegre\/wp-content\/uploads\/usu1936\/2022\/01\/Portes-obertes-WEB-212x300.png 212w, https:\/\/agora.xtec.cat\/ceipvistaalegre\/wp-content\/uploads\/usu1936\/2022\/01\/Portes-obertes-WEB.png 1587w\" sizes=\"auto, (max-width: 655px) 100vw, 655px\" \/><\/a><\/p>\n<p style=\"text-align: center;\">Per demanar cita pr\u00e8via, ho podeu fer a trav\u00e9s del tel\u00e8fon, correu electr\u00f2nic o omplint un formulari (cliqueu)<\/p>\n<h2 style=\"text-align: center;\"><img loading=\"lazy\" decoding=\"async\" class=\"aligncenter\" src=\"https:\/\/www.farmaciablancacogul.com\/wp-content\/uploads\/Captura-de-pantalla-2016-10-31-a-las-11.21.35-300x300.png\" alt=\"icona tel\u00e8fon petit \u2013 Farmacia Blanca Cogul\" width=\"46\" height=\"45\" \/> 937963073<\/h2>\n<p><img loading=\"lazy\" decoding=\"async\" class=\"aligncenter\" src=\"https:\/\/pbs.twimg.com\/media\/DmffPE9XsAIAv1Y.png\" alt=\"Arnau Tordera I ar Twitter: &amp;quot;Hi haur\u00e0 un dia en el qual la gent que cliqui aquesta icona per tal d&amp;#39;enviar un correu electr\u00f2nic no tindr\u00e0 ni la m\u00e9s remota idea de\" width=\"46\" height=\"35\" \/><\/p>\n<h2 style=\"text-align: center;\">a8034357@xtec.cat<\/h2>\n<p><img loading=\"lazy\" decoding=\"async\" class=\"aligncenter\" src=\"https:\/\/recirculachallenge.upc.edu\/ca\/shared\/icones\/recirculachallenge-icona-formulari.png\" alt=\"recirculachallenge-icona-formulari.png \u2014 Recircula Challenge \u2014 UPC. Universitat Polit\u00e8cnica de Catalunya\" width=\"56\" height=\"56\" \/><\/p>\n<h3 style=\"text-align: center;\"><a href=\"https:\/\/forms.gle\/Xs99qcoBGct5p4mQA\">FORMULARI<\/a><\/h3>\n","protected":false},"excerpt":{"rendered":"<p><a href=\"https:\/\/agora.xtec.cat\/ceipvistaalegre\/wp-content\/uploads\/usu1936\/2022\/01\/Portes-obertes-WEB.png\"><\/a><br \/>\nPer demanar cita pr\u00e8via, ho podeu fer a trav\u00e9s del tel\u00e8fon, correu electr\u00f2nic o omplint un formulari (cliqueu)<br \/>\n 937963073<\/p>\n<p>a8034357@xtec.cat<\/p>\n<p><a href=\"https:\/\/forms.gle\/Xs99qcoBGct5p4mQA\">FORMULARI<\/a><\/p>\n","protected":false},"author":3,"featured_media":0,"comment_status":"open","ping_status":"closed","sticky":false,"template":"","format":"standard","meta":{"_bbp_topic_count":0,"_bbp_reply_count":0,"_bbp_total_topic_count":0,"_bbp_total_reply_count":0,"_bbp_voice_count":0,"_bbp_anonymous_reply_count":0,"_bbp_topic_count_hidden":0,"_bbp_reply_count_hidden":0,"_bbp_forum_subforum_count":0,"footnotes":""},"categories":[4],"tags":[],"class_list":["post-6051","post","type-post","status-publish","format-standard","hentry","category-portada"],"post_mailing_queue_ids":[],"_links":{"self":[{"href":"https:\/\/agora.xtec.cat\/ceipvistaalegre\/wp-json\/wp\/v2\/posts\/6051","targetHints":{"allow":["GET"]}}],"collection":[{"href":"https:\/\/agora.xtec.cat\/ceipvistaalegre\/wp-json\/wp\/v2\/posts"}],"about":[{"href":"https:\/\/agora.xtec.cat\/ceipvistaalegre\/wp-json\/wp\/v2\/types\/post"}],"author":[{"embeddable":true,"href":"https:\/\/agora.xtec.cat\/ceipvistaalegre\/wp-json\/wp\/v2\/users\/3"}],"replies":[{"embeddable":true,"href":"https:\/\/agora.xtec.cat\/ceipvistaalegre\/wp-json\/wp\/v2\/comments?post=6051"}],"version-history":[{"count":3,"href":"https:\/\/agora.xtec.cat\/ceipvistaalegre\/wp-json\/wp\/v2\/posts\/6051\/revisions"}],"predecessor-version":[{"id":6474,"href":"https:\/\/agora.xtec.cat\/ceipvistaalegre\/wp-json\/wp\/v2\/posts\/6051\/revisions\/6474"}],"wp:attachment":[{"href":"https:\/\/agora.xtec.cat\/ceipvistaalegre\/wp-json\/wp\/v2\/media?parent=6051"}],"wp:term":[{"taxonomy":"category","embeddable":true,"href":"https:\/\/agora.xtec.cat\/ceipvistaalegre\/wp-json\/wp\/v2\/categories?post=6051"},{"taxonomy":"post_tag","embeddable":true,"href":"https:\/\/agora.xtec.cat\/ceipvistaalegre\/wp-json\/wp\/v2\/tags?post=6051"}],"curies":[{"name":"wp","href":"https:\/\/api.w.org\/{rel}","templated":true}]}}