{"id":5913,"date":"2021-12-22T13:00:49","date_gmt":"2021-12-22T12:00:49","guid":{"rendered":"https:\/\/agora.xtec.cat\/ceipvistaalegre\/?p=5913"},"modified":"2021-12-22T15:27:51","modified_gmt":"2021-12-22T14:27:51","slug":"bon-nadal-bon-2022","status":"publish","type":"post","link":"https:\/\/agora.xtec.cat\/ceipvistaalegre\/portada\/bon-nadal-bon-2022\/","title":{"rendered":"Bon Nadal! Bon 2022!"},"content":{"rendered":"<p><span style=\"font-weight: 400;\">Des d&#8217;aquestes l\u00ednies, volem felicitar a tota la comunitat educativa per la feina feta: alumnes, fam\u00edlies, personal docent i no docent. A tots sense excepci\u00f3, perqu\u00e8 millor o pitjor, tots ens hem tornat a adaptar a una situaci\u00f3 que cada vegada resulta m\u00e9s complexa. El desgast general \u00e9s evident; aix\u00ed i tot, hem tirat endavant procurant posar bona cara a les incomoditats i a la desil\u00b7lusi\u00f3 que s\u2019ha apoderat de tots en algun moment o altre. I ens estem queixant poc, la qual cosa ens demostra que quan cal, sabem estar units davant les adversitats.<\/span><\/p>\n<p><span style=\"font-weight: 400;\">Des de l&#8217;escola, us volem convidar a no caure en el desenc\u00eds. Nom\u00e9s podem desitjar molts \u00e0nims i molta for\u00e7a a tothom. Tant de bo la salut ens permeti poder gaudir d\u2019uns dies de descans amb les persones que m\u00e9s estimem encara que no sigui possible fer totes les activitats que ten\u00edem programades.<\/span><\/p>\n<h3 style=\"text-align: center;\"><a href=\"https:\/\/agora.xtec.cat\/ceipvistaalegre\/wp-content\/uploads\/usu1936\/2021\/12\/Escola-Vista-Alegre-2-scaled.jpg\"><img loading=\"lazy\" decoding=\"async\" class=\" wp-image-5914 aligncenter\" src=\"https:\/\/agora.xtec.cat\/ceipvistaalegre\/wp-content\/uploads\/usu1936\/2021\/12\/Escola-Vista-Alegre-2-1024x768.jpg\" alt=\"\" width=\"871\" height=\"654\" srcset=\"https:\/\/agora.xtec.cat\/ceipvistaalegre\/wp-content\/uploads\/usu1936\/2021\/12\/Escola-Vista-Alegre-2-1024x768.jpg 1024w, https:\/\/agora.xtec.cat\/ceipvistaalegre\/wp-content\/uploads\/usu1936\/2021\/12\/Escola-Vista-Alegre-2-300x225.jpg 300w, https:\/\/agora.xtec.cat\/ceipvistaalegre\/wp-content\/uploads\/usu1936\/2021\/12\/Escola-Vista-Alegre-2-768x576.jpg 768w, https:\/\/agora.xtec.cat\/ceipvistaalegre\/wp-content\/uploads\/usu1936\/2021\/12\/Escola-Vista-Alegre-2-1536x1152.jpg 1536w, https:\/\/agora.xtec.cat\/ceipvistaalegre\/wp-content\/uploads\/usu1936\/2021\/12\/Escola-Vista-Alegre-2-2048x1536.jpg 2048w, https:\/\/agora.xtec.cat\/ceipvistaalegre\/wp-content\/uploads\/usu1936\/2021\/12\/Escola-Vista-Alegre-2-200x150.jpg 200w\" sizes=\"auto, (max-width: 871px) 100vw, 871px\" \/><\/a><\/h3>\n<h4 style=\"text-align: center;\"><b>BON NADAL a tothom i que la salut i la prud\u00e8ncia us acompanyin a tots aquests dies tan familiars<\/b><\/h4>\n","protected":false},"excerpt":{"rendered":"<p>Des d&#8217;aquestes l\u00ednies, volem felicitar a tota la comunitat educativa per la feina feta: alumnes, fam\u00edlies, personal docent i no docent. A tots sense excepci\u00f3, perqu\u00e8 millor o pitjor, tots ens hem tornat a adaptar a una situaci\u00f3 que cada vegada resulta m\u00e9s complexa. El&hellip;  <a href=\"https:\/\/agora.xtec.cat\/ceipvistaalegre\/portada\/bon-nadal-bon-2022\/\" title=\"Read Bon Nadal! Bon 2022!\">Llegeix m\u00e9s\u00bb<\/a><\/p>\n","protected":false},"author":3,"featured_media":0,"comment_status":"open","ping_status":"closed","sticky":false,"template":"","format":"standard","meta":{"_bbp_topic_count":0,"_bbp_reply_count":0,"_bbp_total_topic_count":0,"_bbp_total_reply_count":0,"_bbp_voice_count":0,"_bbp_anonymous_reply_count":0,"_bbp_topic_count_hidden":0,"_bbp_reply_count_hidden":0,"_bbp_forum_subforum_count":0,"footnotes":""},"categories":[4],"tags":[],"class_list":["post-5913","post","type-post","status-publish","format-standard","hentry","category-portada"],"post_mailing_queue_ids":[],"_links":{"self":[{"href":"https:\/\/agora.xtec.cat\/ceipvistaalegre\/wp-json\/wp\/v2\/posts\/5913","targetHints":{"allow":["GET"]}}],"collection":[{"href":"https:\/\/agora.xtec.cat\/ceipvistaalegre\/wp-json\/wp\/v2\/posts"}],"about":[{"href":"https:\/\/agora.xtec.cat\/ceipvistaalegre\/wp-json\/wp\/v2\/types\/post"}],"author":[{"embeddable":true,"href":"https:\/\/agora.xtec.cat\/ceipvistaalegre\/wp-json\/wp\/v2\/users\/3"}],"replies":[{"embeddable":true,"href":"https:\/\/agora.xtec.cat\/ceipvistaalegre\/wp-json\/wp\/v2\/comments?post=5913"}],"version-history":[{"count":3,"href":"https:\/\/agora.xtec.cat\/ceipvistaalegre\/wp-json\/wp\/v2\/posts\/5913\/revisions"}],"predecessor-version":[{"id":5943,"href":"https:\/\/agora.xtec.cat\/ceipvistaalegre\/wp-json\/wp\/v2\/posts\/5913\/revisions\/5943"}],"wp:attachment":[{"href":"https:\/\/agora.xtec.cat\/ceipvistaalegre\/wp-json\/wp\/v2\/media?parent=5913"}],"wp:term":[{"taxonomy":"category","embeddable":true,"href":"https:\/\/agora.xtec.cat\/ceipvistaalegre\/wp-json\/wp\/v2\/categories?post=5913"},{"taxonomy":"post_tag","embeddable":true,"href":"https:\/\/agora.xtec.cat\/ceipvistaalegre\/wp-json\/wp\/v2\/tags?post=5913"}],"curies":[{"name":"wp","href":"https:\/\/api.w.org\/{rel}","templated":true}]}}