{"id":5809,"date":"2021-12-14T10:25:10","date_gmt":"2021-12-14T09:25:10","guid":{"rendered":"https:\/\/agora.xtec.cat\/ceipvistaalegre\/?p=5809"},"modified":"2021-12-14T14:14:22","modified_gmt":"2021-12-14T13:14:22","slug":"visita-a-la-llibreria","status":"publish","type":"post","link":"https:\/\/agora.xtec.cat\/ceipvistaalegre\/primaria\/4t\/visita-a-la-llibreria\/","title":{"rendered":"Visita a la llibreria"},"content":{"rendered":"<p>Els nens i nenes de 4t hem fet una visita a la llibreria D\u00f2ria per escollir llibres per a la nostra biblioteca de l&#8217;escola. Ens han presentat llibres molt xulos i interessants. Ens hem quedat amb ganes de poder comprar-ne m\u00e9s.<\/p>\n<p>Tamb\u00e9 hem aprofitat per visitar les paradetes de Nadal de la pla\u00e7a Santa Anna. Ens ha fet molta gr\u00e0cia veure una paradeta plena de figuretes del Caganer. Quan hem passat per la parada de &#8220;Corrupies&#8221;, el senyor ens ha regalat una per a cada un. diu que ens donar\u00e0 sort.<\/p>\n<p><a href=\"https:\/\/agora.xtec.cat\/ceipvistaalegre\/wp-content\/uploads\/usu1936\/2021\/12\/Jam-sense-titol-1-3.png\"><img loading=\"lazy\" decoding=\"async\" class=\"aligncenter size-large wp-image-5812\" src=\"https:\/\/agora.xtec.cat\/ceipvistaalegre\/wp-content\/uploads\/usu1936\/2021\/12\/Jam-sense-titol-1-3-1024x576.png\" alt=\"\" width=\"1024\" height=\"576\" srcset=\"https:\/\/agora.xtec.cat\/ceipvistaalegre\/wp-content\/uploads\/usu1936\/2021\/12\/Jam-sense-titol-1-3-1024x576.png 1024w, https:\/\/agora.xtec.cat\/ceipvistaalegre\/wp-content\/uploads\/usu1936\/2021\/12\/Jam-sense-titol-1-3-300x169.png 300w, https:\/\/agora.xtec.cat\/ceipvistaalegre\/wp-content\/uploads\/usu1936\/2021\/12\/Jam-sense-titol-1-3-768x432.png 768w, https:\/\/agora.xtec.cat\/ceipvistaalegre\/wp-content\/uploads\/usu1936\/2021\/12\/Jam-sense-titol-1-3.png 1422w\" sizes=\"auto, (max-width: 1024px) 100vw, 1024px\" \/><\/a><\/p>\n","protected":false},"excerpt":{"rendered":"<p>Els nens i nenes de 4t hem fet una visita a la llibreria D\u00f2ria per escollir llibres per a la nostra biblioteca de l&#8217;escola. Ens han presentat llibres molt xulos i interessants. Ens hem quedat amb ganes de poder comprar-ne m\u00e9s.<br \/>\nTamb\u00e9 hem aprofitat per visitar&hellip;  <a href=\"https:\/\/agora.xtec.cat\/ceipvistaalegre\/primaria\/4t\/visita-a-la-llibreria\/\" title=\"Read Visita a la llibreria\">Llegeix m\u00e9s\u00bb<\/a><\/p>\n","protected":false},"author":7,"featured_media":5234,"comment_status":"open","ping_status":"closed","sticky":false,"template":"","format":"standard","meta":{"_bbp_topic_count":0,"_bbp_reply_count":0,"_bbp_total_topic_count":0,"_bbp_total_reply_count":0,"_bbp_voice_count":0,"_bbp_anonymous_reply_count":0,"_bbp_topic_count_hidden":0,"_bbp_reply_count_hidden":0,"_bbp_forum_subforum_count":0,"footnotes":""},"categories":[13],"tags":[],"class_list":["post-5809","post","type-post","status-publish","format-standard","has-post-thumbnail","hentry","category-4t"],"post_mailing_queue_ids":[],"_links":{"self":[{"href":"https:\/\/agora.xtec.cat\/ceipvistaalegre\/wp-json\/wp\/v2\/posts\/5809","targetHints":{"allow":["GET"]}}],"collection":[{"href":"https:\/\/agora.xtec.cat\/ceipvistaalegre\/wp-json\/wp\/v2\/posts"}],"about":[{"href":"https:\/\/agora.xtec.cat\/ceipvistaalegre\/wp-json\/wp\/v2\/types\/post"}],"author":[{"embeddable":true,"href":"https:\/\/agora.xtec.cat\/ceipvistaalegre\/wp-json\/wp\/v2\/users\/7"}],"replies":[{"embeddable":true,"href":"https:\/\/agora.xtec.cat\/ceipvistaalegre\/wp-json\/wp\/v2\/comments?post=5809"}],"version-history":[{"count":1,"href":"https:\/\/agora.xtec.cat\/ceipvistaalegre\/wp-json\/wp\/v2\/posts\/5809\/revisions"}],"predecessor-version":[{"id":5813,"href":"https:\/\/agora.xtec.cat\/ceipvistaalegre\/wp-json\/wp\/v2\/posts\/5809\/revisions\/5813"}],"wp:featuredmedia":[{"embeddable":true,"href":"https:\/\/agora.xtec.cat\/ceipvistaalegre\/wp-json\/wp\/v2\/media\/5234"}],"wp:attachment":[{"href":"https:\/\/agora.xtec.cat\/ceipvistaalegre\/wp-json\/wp\/v2\/media?parent=5809"}],"wp:term":[{"taxonomy":"category","embeddable":true,"href":"https:\/\/agora.xtec.cat\/ceipvistaalegre\/wp-json\/wp\/v2\/categories?post=5809"},{"taxonomy":"post_tag","embeddable":true,"href":"https:\/\/agora.xtec.cat\/ceipvistaalegre\/wp-json\/wp\/v2\/tags?post=5809"}],"curies":[{"name":"wp","href":"https:\/\/api.w.org\/{rel}","templated":true}]}}