{"id":5707,"date":"2021-11-27T10:25:05","date_gmt":"2021-11-27T09:25:05","guid":{"rendered":"https:\/\/agora.xtec.cat\/ceipvistaalegre\/?p=5707"},"modified":"2021-11-27T10:25:16","modified_gmt":"2021-11-27T09:25:16","slug":"exposicio-i-concert-dinstruments-del-mon","status":"publish","type":"post","link":"https:\/\/agora.xtec.cat\/ceipvistaalegre\/portada\/exposicio-i-concert-dinstruments-del-mon\/","title":{"rendered":"Exposici\u00f3 i concert d&#8217;instruments del m\u00f3n"},"content":{"rendered":"<p><a href=\"https:\/\/agora.xtec.cat\/ceipvistaalegre\/wp-content\/uploads\/usu1936\/2021\/11\/00-1-scaled.jpg\"><img loading=\"lazy\" decoding=\"async\" class=\"wp-image-5708 aligncenter\" src=\"https:\/\/agora.xtec.cat\/ceipvistaalegre\/wp-content\/uploads\/usu1936\/2021\/11\/00-1-1024x768.jpg\" alt=\"\" width=\"547\" height=\"410\" srcset=\"https:\/\/agora.xtec.cat\/ceipvistaalegre\/wp-content\/uploads\/usu1936\/2021\/11\/00-1-1024x768.jpg 1024w, https:\/\/agora.xtec.cat\/ceipvistaalegre\/wp-content\/uploads\/usu1936\/2021\/11\/00-1-300x225.jpg 300w, https:\/\/agora.xtec.cat\/ceipvistaalegre\/wp-content\/uploads\/usu1936\/2021\/11\/00-1-768x576.jpg 768w, https:\/\/agora.xtec.cat\/ceipvistaalegre\/wp-content\/uploads\/usu1936\/2021\/11\/00-1-1536x1152.jpg 1536w, https:\/\/agora.xtec.cat\/ceipvistaalegre\/wp-content\/uploads\/usu1936\/2021\/11\/00-1-2048x1536.jpg 2048w, https:\/\/agora.xtec.cat\/ceipvistaalegre\/wp-content\/uploads\/usu1936\/2021\/11\/00-1-200x150.jpg 200w\" sizes=\"auto, (max-width: 547px) 100vw, 547px\" \/><\/a><\/p>\n<p>Una de les activitats que es van organitzar per celebrar el dia de la m\u00fasica, l&#8217;\u00c0ngel, el mestre de m\u00fasica de l&#8217;escola, va preparar una exposici\u00f3 amb instruments originaris de diferents llocs del m\u00f3n: nord i sud d&#8217;\u00c0frica, Egipte o Am\u00e8rica.<\/p>\n<p>Vam poder sentir sons i ritmes molt diferents. Tamb\u00e9 ens vam animar a ballar!<\/p>\n<p>Si voleu veure com de b\u00e9 ho vam passar tots i totes, podeu clicar <a href=\"https:\/\/drive.google.com\/drive\/folders\/11YCdM93XeiW7UJAhdxtFaUF5PSX-O_u1?usp=sharing\">aqu\u00ed<\/a>. Moltes fotos i v\u00eddeos de tots els grups!<\/p>\n","protected":false},"excerpt":{"rendered":"<p><a href=\"https:\/\/agora.xtec.cat\/ceipvistaalegre\/wp-content\/uploads\/usu1936\/2021\/11\/00-1-scaled.jpg\"><\/a><br \/>\nUna de les activitats que es van organitzar per celebrar el dia de la m\u00fasica, l&#8217;\u00c0ngel, el mestre de m\u00fasica de l&#8217;escola, va preparar una exposici\u00f3 amb instruments originaris de diferents llocs del m\u00f3n: nord i sud d&#8217;\u00c0frica, Egipte o Am\u00e8rica.<br \/>\nVam poder sentir sons&hellip;  <a href=\"https:\/\/agora.xtec.cat\/ceipvistaalegre\/portada\/exposicio-i-concert-dinstruments-del-mon\/\" title=\"Read Exposici\u00f3 i concert d&#8217;instruments del m\u00f3n\">Llegeix m\u00e9s\u00bb<\/a><\/p>\n","protected":false},"author":3,"featured_media":0,"comment_status":"open","ping_status":"closed","sticky":false,"template":"","format":"standard","meta":{"_bbp_topic_count":0,"_bbp_reply_count":0,"_bbp_total_topic_count":0,"_bbp_total_reply_count":0,"_bbp_voice_count":0,"_bbp_anonymous_reply_count":0,"_bbp_topic_count_hidden":0,"_bbp_reply_count_hidden":0,"_bbp_forum_subforum_count":0,"footnotes":""},"categories":[4],"tags":[],"class_list":["post-5707","post","type-post","status-publish","format-standard","hentry","category-portada"],"post_mailing_queue_ids":[],"_links":{"self":[{"href":"https:\/\/agora.xtec.cat\/ceipvistaalegre\/wp-json\/wp\/v2\/posts\/5707","targetHints":{"allow":["GET"]}}],"collection":[{"href":"https:\/\/agora.xtec.cat\/ceipvistaalegre\/wp-json\/wp\/v2\/posts"}],"about":[{"href":"https:\/\/agora.xtec.cat\/ceipvistaalegre\/wp-json\/wp\/v2\/types\/post"}],"author":[{"embeddable":true,"href":"https:\/\/agora.xtec.cat\/ceipvistaalegre\/wp-json\/wp\/v2\/users\/3"}],"replies":[{"embeddable":true,"href":"https:\/\/agora.xtec.cat\/ceipvistaalegre\/wp-json\/wp\/v2\/comments?post=5707"}],"version-history":[{"count":1,"href":"https:\/\/agora.xtec.cat\/ceipvistaalegre\/wp-json\/wp\/v2\/posts\/5707\/revisions"}],"predecessor-version":[{"id":5709,"href":"https:\/\/agora.xtec.cat\/ceipvistaalegre\/wp-json\/wp\/v2\/posts\/5707\/revisions\/5709"}],"wp:attachment":[{"href":"https:\/\/agora.xtec.cat\/ceipvistaalegre\/wp-json\/wp\/v2\/media?parent=5707"}],"wp:term":[{"taxonomy":"category","embeddable":true,"href":"https:\/\/agora.xtec.cat\/ceipvistaalegre\/wp-json\/wp\/v2\/categories?post=5707"},{"taxonomy":"post_tag","embeddable":true,"href":"https:\/\/agora.xtec.cat\/ceipvistaalegre\/wp-json\/wp\/v2\/tags?post=5707"}],"curies":[{"name":"wp","href":"https:\/\/api.w.org\/{rel}","templated":true}]}}