{"id":5696,"date":"2021-11-25T19:12:42","date_gmt":"2021-11-25T18:12:42","guid":{"rendered":"https:\/\/agora.xtec.cat\/ceipvistaalegre\/?p=5696"},"modified":"2021-11-25T19:14:08","modified_gmt":"2021-11-25T18:14:08","slug":"concert-de-violoncel","status":"publish","type":"post","link":"https:\/\/agora.xtec.cat\/ceipvistaalegre\/portada\/concert-de-violoncel\/","title":{"rendered":"Concert de violoncel"},"content":{"rendered":"<p>Amb motiu de la festivitat de Santa Cec\u00edlia, patrona dels m\u00fasics, una de les activitats que hem fet a l&#8217;escola ha sigut un concert de violoncel. Hem pogut gaudir a trav\u00e9s de l&#8217;Albert Mart\u00edn, membre de l&#8217;Orquestra Simf\u00f2nica de Sant Cugat.<\/p>\n<p>A m\u00e9s de descobrir aquest instrument, hem sentit fragments de melodies i can\u00e7ons conegudes, i hem acompanyat a aquest gran m\u00fasic amb altres instruments que han tocat els mateixos nens i nenes de l&#8217;escola.<\/p>\n<p>Des d&#8217;aquestes l\u00ednies, agrair a l&#8217;Albert la seva col\u00b7laboraci\u00f3 i a l&#8217;AMPA de l&#8217;escola per fer-ho possible.<\/p>\n<p><a href=\"https:\/\/agora.xtec.cat\/ceipvistaalegre\/wp-content\/uploads\/usu1936\/2021\/11\/31.jpg\"><img loading=\"lazy\" decoding=\"async\" class=\"wp-image-5697 aligncenter\" src=\"https:\/\/agora.xtec.cat\/ceipvistaalegre\/wp-content\/uploads\/usu1936\/2021\/11\/31-1009x1024.jpg\" alt=\"\" width=\"607\" height=\"615\" srcset=\"https:\/\/agora.xtec.cat\/ceipvistaalegre\/wp-content\/uploads\/usu1936\/2021\/11\/31-1009x1024.jpg 1009w, https:\/\/agora.xtec.cat\/ceipvistaalegre\/wp-content\/uploads\/usu1936\/2021\/11\/31-296x300.jpg 296w, https:\/\/agora.xtec.cat\/ceipvistaalegre\/wp-content\/uploads\/usu1936\/2021\/11\/31-768x779.jpg 768w, https:\/\/agora.xtec.cat\/ceipvistaalegre\/wp-content\/uploads\/usu1936\/2021\/11\/31-1514x1536.jpg 1514w, https:\/\/agora.xtec.cat\/ceipvistaalegre\/wp-content\/uploads\/usu1936\/2021\/11\/31-2018x2048.jpg 2018w\" sizes=\"auto, (max-width: 607px) 100vw, 607px\" \/><\/a><\/p>\n<p>Si voleu veure totes les imatges del dia, <a href=\"https:\/\/drive.google.com\/drive\/folders\/1yshuAyGipByYodJ4m2jjbuclIgDzdcHt?usp=sharing\">cliqueu aqu\u00ed<\/a><\/p>\n","protected":false},"excerpt":{"rendered":"<p>Amb motiu de la festivitat de Santa Cec\u00edlia, patrona dels m\u00fasics, una de les activitats que hem fet a l&#8217;escola ha sigut un concert de violoncel. Hem pogut gaudir a trav\u00e9s de l&#8217;Albert Mart\u00edn, membre de l&#8217;Orquestra Simf\u00f2nica de Sant Cugat.<br \/>\nA m\u00e9s de descobrir aquest&hellip;  <a href=\"https:\/\/agora.xtec.cat\/ceipvistaalegre\/portada\/concert-de-violoncel\/\" title=\"Read Concert de violoncel\">Llegeix m\u00e9s\u00bb<\/a><\/p>\n","protected":false},"author":3,"featured_media":0,"comment_status":"open","ping_status":"closed","sticky":false,"template":"","format":"standard","meta":{"_bbp_topic_count":0,"_bbp_reply_count":0,"_bbp_total_topic_count":0,"_bbp_total_reply_count":0,"_bbp_voice_count":0,"_bbp_anonymous_reply_count":0,"_bbp_topic_count_hidden":0,"_bbp_reply_count_hidden":0,"_bbp_forum_subforum_count":0,"footnotes":""},"categories":[4],"tags":[],"class_list":["post-5696","post","type-post","status-publish","format-standard","hentry","category-portada"],"post_mailing_queue_ids":[],"_links":{"self":[{"href":"https:\/\/agora.xtec.cat\/ceipvistaalegre\/wp-json\/wp\/v2\/posts\/5696","targetHints":{"allow":["GET"]}}],"collection":[{"href":"https:\/\/agora.xtec.cat\/ceipvistaalegre\/wp-json\/wp\/v2\/posts"}],"about":[{"href":"https:\/\/agora.xtec.cat\/ceipvistaalegre\/wp-json\/wp\/v2\/types\/post"}],"author":[{"embeddable":true,"href":"https:\/\/agora.xtec.cat\/ceipvistaalegre\/wp-json\/wp\/v2\/users\/3"}],"replies":[{"embeddable":true,"href":"https:\/\/agora.xtec.cat\/ceipvistaalegre\/wp-json\/wp\/v2\/comments?post=5696"}],"version-history":[{"count":2,"href":"https:\/\/agora.xtec.cat\/ceipvistaalegre\/wp-json\/wp\/v2\/posts\/5696\/revisions"}],"predecessor-version":[{"id":5699,"href":"https:\/\/agora.xtec.cat\/ceipvistaalegre\/wp-json\/wp\/v2\/posts\/5696\/revisions\/5699"}],"wp:attachment":[{"href":"https:\/\/agora.xtec.cat\/ceipvistaalegre\/wp-json\/wp\/v2\/media?parent=5696"}],"wp:term":[{"taxonomy":"category","embeddable":true,"href":"https:\/\/agora.xtec.cat\/ceipvistaalegre\/wp-json\/wp\/v2\/categories?post=5696"},{"taxonomy":"post_tag","embeddable":true,"href":"https:\/\/agora.xtec.cat\/ceipvistaalegre\/wp-json\/wp\/v2\/tags?post=5696"}],"curies":[{"name":"wp","href":"https:\/\/api.w.org\/{rel}","templated":true}]}}