{"id":5688,"date":"2021-11-24T09:23:51","date_gmt":"2021-11-24T08:23:51","guid":{"rendered":"https:\/\/agora.xtec.cat\/ceipvistaalegre\/?p=5688"},"modified":"2021-11-24T09:23:51","modified_gmt":"2021-11-24T08:23:51","slug":"video-de-la-campanya-de-mataro-a-toquio","status":"publish","type":"post","link":"https:\/\/agora.xtec.cat\/ceipvistaalegre\/portada\/video-de-la-campanya-de-mataro-a-toquio\/","title":{"rendered":"V\u00eddeo de la campanya &#8220;De Matar\u00f3 a T\u00f2quio&#8221;"},"content":{"rendered":"<p><iframe loading=\"lazy\" title=\"#deMatar\u00f3aT\u00f2quio - Consell Esportiu del Maresme 2021\" width=\"500\" height=\"281\" src=\"https:\/\/www.youtube.com\/embed\/XFMTvtI3gkA?feature=oembed\" frameborder=\"0\" allow=\"accelerometer; autoplay; clipboard-write; encrypted-media; gyroscope; picture-in-picture; web-share\" referrerpolicy=\"strict-origin-when-cross-origin\" allowfullscreen><\/iframe><\/p>\n<p><span class=\"style-scope yt-formatted-string\" dir=\"auto\">V\u00eddeo resum de la iniciativa <\/span><a class=\"yt-simple-endpoint style-scope yt-formatted-string\" dir=\"auto\" spellcheck=\"false\" href=\"https:\/\/www.youtube.com\/hashtag\/dematar%C3%B3at%C3%B2quio\">#deMatar\u00f3aT\u00f2quio<\/a><span class=\"style-scope yt-formatted-string\" dir=\"auto\"> organitzada pel Consell Esportiu del Maresme i el Grup de professors i professores del Pla Catal\u00e0 d&#8217;Esport a l&#8217;Escola per reivindicar la import\u00e0ncia de l&#8217;activitat f\u00edsica i l&#8217;esport per a la bona qualitat de vida de les persones i fomentar la pr\u00e0ctica i els bons h\u00e0bits a la inf\u00e0ncia i la joventut.<\/span><\/p>\n<p>Com sabeu, la campanya va ser un \u00e8xit de participaci\u00f3 i d\u2019implicaci\u00f3 per part dels alumnes, les fam\u00edlies, els claustres i en general tota la comunitat educativa dels centres participants. La suma de tots els esfor\u00e7os ens va permetre aconseguir m\u00e9s de 95.000 km, nou vegades m\u00e9s dels proposats inicialment.<\/p>\n","protected":false},"excerpt":{"rendered":"<p>V\u00eddeo resum de la iniciativa <a class=\"yt-simple-endpoint style-scope yt-formatted-string\" dir=\"auto\" spellcheck=\"false\" href=\"https:\/\/www.youtube.com\/hashtag\/dematar%C3%B3at%C3%B2quio\">#deMatar\u00f3aT\u00f2quio<\/a> organitzada pel Consell Esportiu del Maresme i el Grup de professors i professores del Pla Catal\u00e0 d&#8217;Esport a l&#8217;Escola per reivindicar la import\u00e0ncia de l&#8217;activitat f\u00edsica i l&#8217;esport per a la bona qualitat&hellip;  <a href=\"https:\/\/agora.xtec.cat\/ceipvistaalegre\/portada\/video-de-la-campanya-de-mataro-a-toquio\/\" title=\"Read V\u00eddeo de la campanya &#8220;De Matar\u00f3 a T\u00f2quio&#8221;\">Llegeix m\u00e9s\u00bb<\/a><\/p>\n","protected":false},"author":3,"featured_media":0,"comment_status":"open","ping_status":"closed","sticky":false,"template":"","format":"standard","meta":{"_bbp_topic_count":0,"_bbp_reply_count":0,"_bbp_total_topic_count":0,"_bbp_total_reply_count":0,"_bbp_voice_count":0,"_bbp_anonymous_reply_count":0,"_bbp_topic_count_hidden":0,"_bbp_reply_count_hidden":0,"_bbp_forum_subforum_count":0,"footnotes":""},"categories":[4],"tags":[],"class_list":["post-5688","post","type-post","status-publish","format-standard","hentry","category-portada"],"post_mailing_queue_ids":[],"_links":{"self":[{"href":"https:\/\/agora.xtec.cat\/ceipvistaalegre\/wp-json\/wp\/v2\/posts\/5688","targetHints":{"allow":["GET"]}}],"collection":[{"href":"https:\/\/agora.xtec.cat\/ceipvistaalegre\/wp-json\/wp\/v2\/posts"}],"about":[{"href":"https:\/\/agora.xtec.cat\/ceipvistaalegre\/wp-json\/wp\/v2\/types\/post"}],"author":[{"embeddable":true,"href":"https:\/\/agora.xtec.cat\/ceipvistaalegre\/wp-json\/wp\/v2\/users\/3"}],"replies":[{"embeddable":true,"href":"https:\/\/agora.xtec.cat\/ceipvistaalegre\/wp-json\/wp\/v2\/comments?post=5688"}],"version-history":[{"count":1,"href":"https:\/\/agora.xtec.cat\/ceipvistaalegre\/wp-json\/wp\/v2\/posts\/5688\/revisions"}],"predecessor-version":[{"id":5689,"href":"https:\/\/agora.xtec.cat\/ceipvistaalegre\/wp-json\/wp\/v2\/posts\/5688\/revisions\/5689"}],"wp:attachment":[{"href":"https:\/\/agora.xtec.cat\/ceipvistaalegre\/wp-json\/wp\/v2\/media?parent=5688"}],"wp:term":[{"taxonomy":"category","embeddable":true,"href":"https:\/\/agora.xtec.cat\/ceipvistaalegre\/wp-json\/wp\/v2\/categories?post=5688"},{"taxonomy":"post_tag","embeddable":true,"href":"https:\/\/agora.xtec.cat\/ceipvistaalegre\/wp-json\/wp\/v2\/tags?post=5688"}],"curies":[{"name":"wp","href":"https:\/\/api.w.org\/{rel}","templated":true}]}}